{"id":575,"date":"2024-07-30T12:15:42","date_gmt":"2024-07-30T12:15:42","guid":{"rendered":"http:\/\/charmafrica.org\/?p=575"},"modified":"2024-07-30T13:49:32","modified_gmt":"2024-07-30T13:49:32","slug":"towards-an-empowered-media-wits-efforts-to-strengthen-media-in-africa","status":"publish","type":"post","link":"https:\/\/charmafrica.org\/fr\/towards-an-empowered-media-wits-efforts-to-strengthen-media-in-africa\/","title":{"rendered":"Vers des m\u00e9dias autonomes\u00a0: les efforts de WITS pour renforcer les m\u00e9dias en Afrique"},"content":{"rendered":"<figure class=\"wp-block-gallery has-nested-images columns-default is-cropped wp-block-gallery-1 is-layout-flex wp-block-gallery-is-layout-flex\"><\/figure>\n\n\n\n<p><\/p>\n\n\n\n<p><\/p>\n\n\n\n<p><strong>Par l&#039;\u00e9quipe CHARM<\/strong>&nbsp;<\/p>\n\n\n\n<p><\/p>\n\n\n\n<p>Les m\u00e9dias, souvent surnomm\u00e9s le quatri\u00e8me \u00c9tat, se sont r\u00e9v\u00e9l\u00e9s au fil du temps l\u2019un des bras les plus puissants d\u2019une soci\u00e9t\u00e9 libre et d\u00e9mocratique. Au fil des ans, les organisations m\u00e9diatiques ont jou\u00e9 un r\u00f4le essentiel pour maintenir les gouvernements au pouvoir, exiger des comptes, d\u00e9noncer la corruption et veiller \u00e0 ce que les coupables soient traduits en justice. Cependant, ces mesures ont souvent rencontr\u00e9 une forte opposition. Les m\u00e9dias continuent de faire face \u00e0 de nombreuses r\u00e9actions n\u00e9gatives, \u00e0 des intimidations et \u00e0 du harc\u00e8lement, \u00e0 des calomnies et, dans certains cas, \u00e0 la fermeture des m\u00e9dias par les gouvernements de toute l\u2019Afrique subsaharienne.&nbsp;<\/p>\n\n\n\n<p><\/p>\n\n\n\n<p>Pourtant, dans ce contexte de forte r\u00e9sistance, le partenaire de CHARM, le Wits Centre for Journalism, a pour mission de veiller \u00e0 ce que le continent ne soit pas laiss\u00e9 pour compte en mati\u00e8re de d\u00e9veloppement des m\u00e9dias et d\u2019expansion de la libert\u00e9 des m\u00e9dias. Bas\u00e9 \u00e0 Johannesburg, au c\u0153ur de l\u2019Afrique du Sud, le Wits Centre continue de mener des programmes qui garantissent la libert\u00e9 d\u2019expression.&nbsp;&nbsp;<\/p>\n\n\n\n<p><\/p>\n\n\n\n<p>L&#039;un des principaux projets phares est la Conf\u00e9rence annuelle sur le journalisme d&#039;investigation (AIJC), qui vise \u00e0 renforcer les capacit\u00e9s des journalistes en mati\u00e8re d&#039;enqu\u00eates. Elle en est maintenant \u00e0 sa 20e \u00e9dition.<sup>\u00e8me<\/sup> Cette ann\u00e9e, l\u2019AIJC r\u00e9unit les meilleurs cerveaux du journalisme africain pour d\u00e9battre de questions d\u2019actualit\u00e9. Certaines des principales attractions tournent autour de questions de d\u00e9sinformation, de m\u00e9sinformation et de fausses nouvelles. Le journalisme de donn\u00e9es, les crypto-monnaies, le crime organis\u00e9 et le journalisme environnemental restent quelques-uns des sujets qui rassemblent les m\u00e9dias. Les bourses AIJC, qui associent des journalistes \u00e0 des mentors, et les nouveaux prix AIJC du journaliste d\u2019investigation, qui r\u00e9compensent les meilleurs journalistes d\u2019investigation du continent, sont \u00e9galement int\u00e9ressants.&nbsp;<\/p>\n\n\n\n<p><\/p>\n\n\n\n<p><\/p>\n\n\n\n<p><\/p>\n\n\n\n<figure class=\"wp-block-image size-large\"><img fetchpriority=\"high\" decoding=\"async\" width=\"1024\" height=\"768\" src=\"http:\/\/charmafrica.org\/wp-content\/uploads\/2024\/07\/thumbnail_20240213_104921-1024x768.jpg\" alt=\"\" class=\"wp-image-577\" srcset=\"https:\/\/charmafrica.org\/wp-content\/uploads\/2024\/07\/thumbnail_20240213_104921-1024x768.jpg 1024w, https:\/\/charmafrica.org\/wp-content\/uploads\/2024\/07\/thumbnail_20240213_104921-300x225.jpg 300w, https:\/\/charmafrica.org\/wp-content\/uploads\/2024\/07\/thumbnail_20240213_104921-768x576.jpg 768w, https:\/\/charmafrica.org\/wp-content\/uploads\/2024\/07\/thumbnail_20240213_104921-1536x1152.jpg 1536w, https:\/\/charmafrica.org\/wp-content\/uploads\/2024\/07\/thumbnail_20240213_104921-16x12.jpg 16w, https:\/\/charmafrica.org\/wp-content\/uploads\/2024\/07\/thumbnail_20240213_104921-650x488.jpg 650w, https:\/\/charmafrica.org\/wp-content\/uploads\/2024\/07\/thumbnail_20240213_104921.jpg 1920w\" sizes=\"(max-width: 1024px) 100vw, 1024px\" \/><\/figure>\n\n\n\n<p><\/p>\n\n\n\n<p><strong>La page de couverture du rapport 2023 sur l&#039;\u00e9tat des m\u00e9dias, produit par le Wits Institute.<\/strong><\/p>\n\n\n\n<p>La recherche reste un domaine cl\u00e9 pour am\u00e9liorer le d\u00e9veloppement des m\u00e9dias. Chaque ann\u00e9e, Wits publie un rapport sur l&#039;\u00e9tat de la r\u00e9daction qui examine les probl\u00e8mes \u00e9mergents dans le paysage m\u00e9diatique en Afrique du Sud. Il fournit une analyse approfondie et est essentiel pour documenter les d\u00e9fis auxquels les m\u00e9dias sont confront\u00e9s au cours des 12 mois et pour faire pression en faveur de politiques plus favorables aux m\u00e9dias.&nbsp;&nbsp;<\/p>\n\n\n\n<p>Les bourses et les mentorats offerts par des professionnels du secteur constituent un autre moyen int\u00e9ressant pour WITS de renforcer les m\u00e9dias pour l&#039;avenir. Les boursiers sont parrain\u00e9s pour assister \u00e0 l&#039;AIJC et jumel\u00e9s \u00e0 des experts du domaine qui peuvent les aider \u00e0 mieux couvrir un probl\u00e8me. Wits a \u00e9galement dirig\u00e9 une masterclass sur le journalisme d&#039;investigation en partenariat avec SKUP (l&#039;Association pour la presse critique et d&#039;investigation en Norv\u00e8ge) et Bellingcat, qui vise \u00e0 donner aux journalistes les moyens de d\u00e9velopper des techniques de journalisme d&#039;investigation de pointe. De plus, gr\u00e2ce \u00e0 des partenariats avec des institutions universitaires telles que ED Ex, l&#039;institution propose des cours en ligne gratuits sur des questions d&#039;actualit\u00e9 allant des politiques des m\u00e9dias num\u00e9riques, au droit des m\u00e9dias et \u00e0 l&#039;\u00e9thique des m\u00e9dias.&nbsp;<\/p>\n\n\n\n<figure class=\"wp-block-embed is-type-video is-provider-youtube wp-block-embed-youtube wp-embed-aspect-4-3 wp-has-aspect-ratio\"><div class=\"wp-block-embed__wrapper\">\n<iframe title=\"Webinaire WCJ - Premiers secours psychologiques pour les premiers intervenants avec la professeure Elana Newman\" width=\"1000\" height=\"750\" src=\"https:\/\/www.youtube.com\/embed\/0Rs9JJtYKKU?feature=oembed\" frameborder=\"0\" allow=\"accelerometer; autoplay; clipboard-write; encrypted-media; gyroscope; picture-in-picture; web-share\" referrerpolicy=\"strict-origin-when-cross-origin\" allowfullscreen><\/iframe>\n<\/div><\/figure>\n\n\n\n<p>WITS investit massivement dans la sant\u00e9 mentale des journalistes. L\u2019un des principaux moyens d\u2019y parvenir est de faire appel \u00e0 des experts pour les aider \u00e0 analyser leur \u00e9tat \u00e9motionnel. Par exemple, ils ont r\u00e9cemment organis\u00e9 une session en ligne pr\u00e9sent\u00e9e par la professeure Elana Newman, \u00ab Premiers secours psychologiques (PFA) pour les premiers intervenants \u00bb, qui passe en revue en d\u00e9tail toute la structure des PFA. De telles initiatives permettent aux journalistes de g\u00e9rer leur \u00e9tat mental, en particulier lorsqu\u2019ils sont confront\u00e9s \u00e0 une situation traumatisante, et de r\u00e9agir en cons\u00e9quence.&nbsp;<\/p>\n\n\n\n<p>Le partenariat CHARM continue de jouer un r\u00f4le essentiel pour garantir que les journalistes puissent exercer librement et en toute ind\u00e9pendance. Nous continuons \u00e0 travailler avec WITS pour identifier des domaines de collaboration et contribuer, \u00e0 notre mani\u00e8re, \u00e0 renforcer l&#039;organisation des m\u00e9dias.&nbsp;<\/p>\n\n\n\n<p><\/p>","protected":false},"excerpt":{"rendered":"<p>By CHARM Team&nbsp; Media, often known as the fourth state, has over time proven to be one of the strongest arms of [&hellip;]<\/p>\n","protected":false},"author":2,"featured_media":616,"comment_status":"closed","ping_status":"closed","sticky":false,"template":"","format":"standard","meta":{"footnotes":""},"categories":[1],"tags":[],"class_list":["post-575","post","type-post","status-publish","format-standard","has-post-thumbnail","hentry","category-uncategorized"],"yoast_head":"<!-- This site is optimized with the Yoast SEO plugin v27.5 - https:\/\/yoast.com\/product\/yoast-seo-wordpress\/ -->\n<title>Towards an empowered media: WITS efforts to strengthen media in Africa - CHARM<\/title>\n<meta name=\"robots\" content=\"index, follow, max-snippet:-1, max-image-preview:large, max-video-preview:-1\" \/>\n<link rel=\"canonical\" href=\"https:\/\/charmafrica.org\/fr\/towards-an-empowered-media-wits-efforts-to-strengthen-media-in-africa\/\" \/>\n<meta property=\"og:locale\" content=\"fr_FR\" \/>\n<meta property=\"og:type\" content=\"article\" \/>\n<meta property=\"og:title\" content=\"Towards an empowered media: WITS efforts to strengthen media in Africa - CHARM\" \/>\n<meta property=\"og:description\" content=\"By CHARM Team&nbsp; Media, often known as the fourth state, has over time proven to be one of the strongest arms of [&hellip;]\" \/>\n<meta property=\"og:url\" content=\"https:\/\/charmafrica.org\/fr\/towards-an-empowered-media-wits-efforts-to-strengthen-media-in-africa\/\" \/>\n<meta property=\"og:site_name\" content=\"CHARM\" \/>\n<meta property=\"article:published_time\" content=\"2024-07-30T12:15:42+00:00\" \/>\n<meta property=\"article:modified_time\" content=\"2024-07-30T13:49:32+00:00\" \/>\n<meta property=\"og:image\" content=\"https:\/\/charmafrica.org\/wp-content\/uploads\/2024\/07\/F_jAxrBWAAAROm8-1.jpg\" \/>\n\t<meta property=\"og:image:width\" content=\"1600\" \/>\n\t<meta property=\"og:image:height\" content=\"1088\" \/>\n\t<meta property=\"og:image:type\" content=\"image\/jpeg\" \/>\n<meta name=\"author\" content=\"charm_admin1\" \/>\n<meta name=\"twitter:card\" content=\"summary_large_image\" \/>\n<meta name=\"twitter:label1\" content=\"\u00c9crit par\" \/>\n\t<meta name=\"twitter:data1\" content=\"charm_admin1\" \/>\n\t<meta name=\"twitter:label2\" content=\"Dur\u00e9e de lecture estim\u00e9e\" \/>\n\t<meta name=\"twitter:data2\" content=\"3 minutes\" \/>\n<script type=\"application\/ld+json\" class=\"yoast-schema-graph\">{\"@context\":\"https:\\\/\\\/schema.org\",\"@graph\":[{\"@type\":\"Article\",\"@id\":\"https:\\\/\\\/charmafrica.org\\\/towards-an-empowered-media-wits-efforts-to-strengthen-media-in-africa\\\/#article\",\"isPartOf\":{\"@id\":\"https:\\\/\\\/charmafrica.org\\\/towards-an-empowered-media-wits-efforts-to-strengthen-media-in-africa\\\/\"},\"author\":{\"name\":\"charm_admin1\",\"@id\":\"https:\\\/\\\/charmafrica.org\\\/#\\\/schema\\\/person\\\/0b3b343b91a3e2a877b1d13218b05c01\"},\"headline\":\"Towards an empowered media: WITS efforts to strengthen media in Africa\",\"datePublished\":\"2024-07-30T12:15:42+00:00\",\"dateModified\":\"2024-07-30T13:49:32+00:00\",\"mainEntityOfPage\":{\"@id\":\"https:\\\/\\\/charmafrica.org\\\/towards-an-empowered-media-wits-efforts-to-strengthen-media-in-africa\\\/\"},\"wordCount\":574,\"publisher\":{\"@id\":\"https:\\\/\\\/charmafrica.org\\\/#organization\"},\"image\":{\"@id\":\"https:\\\/\\\/charmafrica.org\\\/towards-an-empowered-media-wits-efforts-to-strengthen-media-in-africa\\\/#primaryimage\"},\"thumbnailUrl\":\"https:\\\/\\\/charmafrica.org\\\/wp-content\\\/uploads\\\/2024\\\/07\\\/F_jAxrBWAAAROm8-1.jpg\",\"articleSection\":[\"Uncategorized\"],\"inLanguage\":\"fr-FR\"},{\"@type\":\"WebPage\",\"@id\":\"https:\\\/\\\/charmafrica.org\\\/towards-an-empowered-media-wits-efforts-to-strengthen-media-in-africa\\\/\",\"url\":\"https:\\\/\\\/charmafrica.org\\\/towards-an-empowered-media-wits-efforts-to-strengthen-media-in-africa\\\/\",\"name\":\"Towards an empowered media: WITS efforts to strengthen media in Africa - CHARM\",\"isPartOf\":{\"@id\":\"https:\\\/\\\/charmafrica.org\\\/#website\"},\"primaryImageOfPage\":{\"@id\":\"https:\\\/\\\/charmafrica.org\\\/towards-an-empowered-media-wits-efforts-to-strengthen-media-in-africa\\\/#primaryimage\"},\"image\":{\"@id\":\"https:\\\/\\\/charmafrica.org\\\/towards-an-empowered-media-wits-efforts-to-strengthen-media-in-africa\\\/#primaryimage\"},\"thumbnailUrl\":\"https:\\\/\\\/charmafrica.org\\\/wp-content\\\/uploads\\\/2024\\\/07\\\/F_jAxrBWAAAROm8-1.jpg\",\"datePublished\":\"2024-07-30T12:15:42+00:00\",\"dateModified\":\"2024-07-30T13:49:32+00:00\",\"breadcrumb\":{\"@id\":\"https:\\\/\\\/charmafrica.org\\\/towards-an-empowered-media-wits-efforts-to-strengthen-media-in-africa\\\/#breadcrumb\"},\"inLanguage\":\"fr-FR\",\"potentialAction\":[{\"@type\":\"ReadAction\",\"target\":[\"https:\\\/\\\/charmafrica.org\\\/towards-an-empowered-media-wits-efforts-to-strengthen-media-in-africa\\\/\"]}]},{\"@type\":\"ImageObject\",\"inLanguage\":\"fr-FR\",\"@id\":\"https:\\\/\\\/charmafrica.org\\\/towards-an-empowered-media-wits-efforts-to-strengthen-media-in-africa\\\/#primaryimage\",\"url\":\"https:\\\/\\\/charmafrica.org\\\/wp-content\\\/uploads\\\/2024\\\/07\\\/F_jAxrBWAAAROm8-1.jpg\",\"contentUrl\":\"https:\\\/\\\/charmafrica.org\\\/wp-content\\\/uploads\\\/2024\\\/07\\\/F_jAxrBWAAAROm8-1.jpg\",\"width\":1600,\"height\":1088,\"caption\":\"Kenyan journalist Tom Odula won the inaugural WCJ\\\/AIJC African Investigative Journalist of the Year Award. His expos\u00e9 titled\u00a0Sex for Work: The True Cost of Our Tea was an in-depth piece that focused on the exploitation of workers at Kenyan tea farms in Kericho.\"},{\"@type\":\"BreadcrumbList\",\"@id\":\"https:\\\/\\\/charmafrica.org\\\/towards-an-empowered-media-wits-efforts-to-strengthen-media-in-africa\\\/#breadcrumb\",\"itemListElement\":[{\"@type\":\"ListItem\",\"position\":1,\"name\":\"Home\",\"item\":\"https:\\\/\\\/charmafrica.org\\\/\"},{\"@type\":\"ListItem\",\"position\":2,\"name\":\"Towards an empowered media: WITS efforts to strengthen media in Africa\"}]},{\"@type\":\"WebSite\",\"@id\":\"https:\\\/\\\/charmafrica.org\\\/#website\",\"url\":\"https:\\\/\\\/charmafrica.org\\\/\",\"name\":\"CHARM\",\"description\":\"The Consortium for Human Rights and Media in Sub-Saharan Africa\",\"publisher\":{\"@id\":\"https:\\\/\\\/charmafrica.org\\\/#organization\"},\"potentialAction\":[{\"@type\":\"SearchAction\",\"target\":{\"@type\":\"EntryPoint\",\"urlTemplate\":\"https:\\\/\\\/charmafrica.org\\\/?s={search_term_string}\"},\"query-input\":{\"@type\":\"PropertyValueSpecification\",\"valueRequired\":true,\"valueName\":\"search_term_string\"}}],\"inLanguage\":\"fr-FR\"},{\"@type\":\"Organization\",\"@id\":\"https:\\\/\\\/charmafrica.org\\\/#organization\",\"name\":\"CHARM\",\"url\":\"https:\\\/\\\/charmafrica.org\\\/\",\"logo\":{\"@type\":\"ImageObject\",\"inLanguage\":\"fr-FR\",\"@id\":\"https:\\\/\\\/charmafrica.org\\\/#\\\/schema\\\/logo\\\/image\\\/\",\"url\":\"http:\\\/\\\/charmafrica.org\\\/wp-content\\\/uploads\\\/2024\\\/06\\\/WHITE-PNG-1-e1717590262194.png\",\"contentUrl\":\"http:\\\/\\\/charmafrica.org\\\/wp-content\\\/uploads\\\/2024\\\/06\\\/WHITE-PNG-1-e1717590262194.png\",\"width\":962,\"height\":249,\"caption\":\"CHARM\"},\"image\":{\"@id\":\"https:\\\/\\\/charmafrica.org\\\/#\\\/schema\\\/logo\\\/image\\\/\"}},{\"@type\":\"Person\",\"@id\":\"https:\\\/\\\/charmafrica.org\\\/#\\\/schema\\\/person\\\/0b3b343b91a3e2a877b1d13218b05c01\",\"name\":\"charm_admin1\",\"image\":{\"@type\":\"ImageObject\",\"inLanguage\":\"fr-FR\",\"@id\":\"https:\\\/\\\/secure.gravatar.com\\\/avatar\\\/d959c434176dcd7f377e9672f6bb17efe366db3900724a39d8880363f147ece7?s=96&d=mm&r=g\",\"url\":\"https:\\\/\\\/secure.gravatar.com\\\/avatar\\\/d959c434176dcd7f377e9672f6bb17efe366db3900724a39d8880363f147ece7?s=96&d=mm&r=g\",\"contentUrl\":\"https:\\\/\\\/secure.gravatar.com\\\/avatar\\\/d959c434176dcd7f377e9672f6bb17efe366db3900724a39d8880363f147ece7?s=96&d=mm&r=g\",\"caption\":\"charm_admin1\"},\"url\":\"https:\\\/\\\/charmafrica.org\\\/fr\\\/author\\\/charm_admin1\\\/\"}]}<\/script>\n<!-- \/ Yoast SEO plugin. -->","yoast_head_json":{"title":"Towards an empowered media: WITS efforts to strengthen media in Africa - CHARM","robots":{"index":"index","follow":"follow","max-snippet":"max-snippet:-1","max-image-preview":"max-image-preview:large","max-video-preview":"max-video-preview:-1"},"canonical":"https:\/\/charmafrica.org\/fr\/towards-an-empowered-media-wits-efforts-to-strengthen-media-in-africa\/","og_locale":"fr_FR","og_type":"article","og_title":"Towards an empowered media: WITS efforts to strengthen media in Africa - CHARM","og_description":"By CHARM Team&nbsp; Media, often known as the fourth state, has over time proven to be one of the strongest arms of [&hellip;]","og_url":"https:\/\/charmafrica.org\/fr\/towards-an-empowered-media-wits-efforts-to-strengthen-media-in-africa\/","og_site_name":"CHARM","article_published_time":"2024-07-30T12:15:42+00:00","article_modified_time":"2024-07-30T13:49:32+00:00","og_image":[{"width":1600,"height":1088,"url":"https:\/\/charmafrica.org\/wp-content\/uploads\/2024\/07\/F_jAxrBWAAAROm8-1.jpg","type":"image\/jpeg"}],"author":"charm_admin1","twitter_card":"summary_large_image","twitter_misc":{"\u00c9crit par":"charm_admin1","Dur\u00e9e de lecture estim\u00e9e":"3 minutes"},"schema":{"@context":"https:\/\/schema.org","@graph":[{"@type":"Article","@id":"https:\/\/charmafrica.org\/towards-an-empowered-media-wits-efforts-to-strengthen-media-in-africa\/#article","isPartOf":{"@id":"https:\/\/charmafrica.org\/towards-an-empowered-media-wits-efforts-to-strengthen-media-in-africa\/"},"author":{"name":"charm_admin1","@id":"https:\/\/charmafrica.org\/#\/schema\/person\/0b3b343b91a3e2a877b1d13218b05c01"},"headline":"Towards an empowered media: WITS efforts to strengthen media in Africa","datePublished":"2024-07-30T12:15:42+00:00","dateModified":"2024-07-30T13:49:32+00:00","mainEntityOfPage":{"@id":"https:\/\/charmafrica.org\/towards-an-empowered-media-wits-efforts-to-strengthen-media-in-africa\/"},"wordCount":574,"publisher":{"@id":"https:\/\/charmafrica.org\/#organization"},"image":{"@id":"https:\/\/charmafrica.org\/towards-an-empowered-media-wits-efforts-to-strengthen-media-in-africa\/#primaryimage"},"thumbnailUrl":"https:\/\/charmafrica.org\/wp-content\/uploads\/2024\/07\/F_jAxrBWAAAROm8-1.jpg","articleSection":["Uncategorized"],"inLanguage":"fr-FR"},{"@type":"WebPage","@id":"https:\/\/charmafrica.org\/towards-an-empowered-media-wits-efforts-to-strengthen-media-in-africa\/","url":"https:\/\/charmafrica.org\/towards-an-empowered-media-wits-efforts-to-strengthen-media-in-africa\/","name":"Towards an empowered media: WITS efforts to strengthen media in Africa - CHARM","isPartOf":{"@id":"https:\/\/charmafrica.org\/#website"},"primaryImageOfPage":{"@id":"https:\/\/charmafrica.org\/towards-an-empowered-media-wits-efforts-to-strengthen-media-in-africa\/#primaryimage"},"image":{"@id":"https:\/\/charmafrica.org\/towards-an-empowered-media-wits-efforts-to-strengthen-media-in-africa\/#primaryimage"},"thumbnailUrl":"https:\/\/charmafrica.org\/wp-content\/uploads\/2024\/07\/F_jAxrBWAAAROm8-1.jpg","datePublished":"2024-07-30T12:15:42+00:00","dateModified":"2024-07-30T13:49:32+00:00","breadcrumb":{"@id":"https:\/\/charmafrica.org\/towards-an-empowered-media-wits-efforts-to-strengthen-media-in-africa\/#breadcrumb"},"inLanguage":"fr-FR","potentialAction":[{"@type":"ReadAction","target":["https:\/\/charmafrica.org\/towards-an-empowered-media-wits-efforts-to-strengthen-media-in-africa\/"]}]},{"@type":"ImageObject","inLanguage":"fr-FR","@id":"https:\/\/charmafrica.org\/towards-an-empowered-media-wits-efforts-to-strengthen-media-in-africa\/#primaryimage","url":"https:\/\/charmafrica.org\/wp-content\/uploads\/2024\/07\/F_jAxrBWAAAROm8-1.jpg","contentUrl":"https:\/\/charmafrica.org\/wp-content\/uploads\/2024\/07\/F_jAxrBWAAAROm8-1.jpg","width":1600,"height":1088,"caption":"Kenyan journalist Tom Odula won the inaugural WCJ\/AIJC African Investigative Journalist of the Year Award. His expos\u00e9 titled\u00a0Sex for Work: The True Cost of Our Tea was an in-depth piece that focused on the exploitation of workers at Kenyan tea farms in Kericho."},{"@type":"BreadcrumbList","@id":"https:\/\/charmafrica.org\/towards-an-empowered-media-wits-efforts-to-strengthen-media-in-africa\/#breadcrumb","itemListElement":[{"@type":"ListItem","position":1,"name":"Home","item":"https:\/\/charmafrica.org\/"},{"@type":"ListItem","position":2,"name":"Towards an empowered media: WITS efforts to strengthen media in Africa"}]},{"@type":"WebSite","@id":"https:\/\/charmafrica.org\/#website","url":"https:\/\/charmafrica.org\/","name":"CHARME","description":"Le Consortium pour les droits de l&#039;homme et les m\u00e9dias en Afrique subsaharienne","publisher":{"@id":"https:\/\/charmafrica.org\/#organization"},"potentialAction":[{"@type":"SearchAction","target":{"@type":"EntryPoint","urlTemplate":"https:\/\/charmafrica.org\/?s={search_term_string}"},"query-input":{"@type":"PropertyValueSpecification","valueRequired":true,"valueName":"search_term_string"}}],"inLanguage":"fr-FR"},{"@type":"Organization","@id":"https:\/\/charmafrica.org\/#organization","name":"CHARME","url":"https:\/\/charmafrica.org\/","logo":{"@type":"ImageObject","inLanguage":"fr-FR","@id":"https:\/\/charmafrica.org\/#\/schema\/logo\/image\/","url":"http:\/\/charmafrica.org\/wp-content\/uploads\/2024\/06\/WHITE-PNG-1-e1717590262194.png","contentUrl":"http:\/\/charmafrica.org\/wp-content\/uploads\/2024\/06\/WHITE-PNG-1-e1717590262194.png","width":962,"height":249,"caption":"CHARM"},"image":{"@id":"https:\/\/charmafrica.org\/#\/schema\/logo\/image\/"}},{"@type":"Person","@id":"https:\/\/charmafrica.org\/#\/schema\/person\/0b3b343b91a3e2a877b1d13218b05c01","name":"charme_admin1","image":{"@type":"ImageObject","inLanguage":"fr-FR","@id":"https:\/\/secure.gravatar.com\/avatar\/d959c434176dcd7f377e9672f6bb17efe366db3900724a39d8880363f147ece7?s=96&d=mm&r=g","url":"https:\/\/secure.gravatar.com\/avatar\/d959c434176dcd7f377e9672f6bb17efe366db3900724a39d8880363f147ece7?s=96&d=mm&r=g","contentUrl":"https:\/\/secure.gravatar.com\/avatar\/d959c434176dcd7f377e9672f6bb17efe366db3900724a39d8880363f147ece7?s=96&d=mm&r=g","caption":"charm_admin1"},"url":"https:\/\/charmafrica.org\/fr\/author\/charm_admin1\/"}]}},"_links":{"self":[{"href":"https:\/\/charmafrica.org\/fr\/wp-json\/wp\/v2\/posts\/575","targetHints":{"allow":["GET"]}}],"collection":[{"href":"https:\/\/charmafrica.org\/fr\/wp-json\/wp\/v2\/posts"}],"about":[{"href":"https:\/\/charmafrica.org\/fr\/wp-json\/wp\/v2\/types\/post"}],"author":[{"embeddable":true,"href":"https:\/\/charmafrica.org\/fr\/wp-json\/wp\/v2\/users\/2"}],"replies":[{"embeddable":true,"href":"https:\/\/charmafrica.org\/fr\/wp-json\/wp\/v2\/comments?post=575"}],"version-history":[{"count":5,"href":"https:\/\/charmafrica.org\/fr\/wp-json\/wp\/v2\/posts\/575\/revisions"}],"predecessor-version":[{"id":619,"href":"https:\/\/charmafrica.org\/fr\/wp-json\/wp\/v2\/posts\/575\/revisions\/619"}],"wp:featuredmedia":[{"embeddable":true,"href":"https:\/\/charmafrica.org\/fr\/wp-json\/wp\/v2\/media\/616"}],"wp:attachment":[{"href":"https:\/\/charmafrica.org\/fr\/wp-json\/wp\/v2\/media?parent=575"}],"wp:term":[{"taxonomy":"category","embeddable":true,"href":"https:\/\/charmafrica.org\/fr\/wp-json\/wp\/v2\/categories?post=575"},{"taxonomy":"post_tag","embeddable":true,"href":"https:\/\/charmafrica.org\/fr\/wp-json\/wp\/v2\/tags?post=575"}],"curies":[{"name":"wp","href":"https:\/\/api.w.org\/{rel}","templated":true}]}}