{"id":1607,"date":"2025-07-22T11:43:27","date_gmt":"2025-07-22T11:43:27","guid":{"rendered":"https:\/\/charmafrica.org\/?p=1607"},"modified":"2025-07-22T11:43:33","modified_gmt":"2025-07-22T11:43:33","slug":"call-for-proposals-mid-term-evaluation-of-the-charm-programme-2023-2025","status":"publish","type":"post","link":"https:\/\/charmafrica.org\/fr\/call-for-proposals-mid-term-evaluation-of-the-charm-programme-2023-2025\/","title":{"rendered":"Appel \u00e0 propositions\u00a0: \u00c9valuation \u00e0 mi-parcours du programme CHARM (2023-2025)"},"content":{"rendered":"<p>DefendDefenders, au nom du Consortium CHARM, a le plaisir d&#039;inviter des consultants qualifi\u00e9s ou des cabinets de conseil \u00e0 soumettre des propositions pour le <strong>\u00e9valuation externe \u00e0 mi-parcours<\/strong> du programme CHARM. Cette \u00e9valuation portera sur les progr\u00e8s, la pertinence et l&#039;impact du programme dans la promotion de l&#039;espace civique et des droits humains en Afrique subsaharienne. Les candidats int\u00e9ress\u00e9s doivent soumettre un dossier de candidature. <strong>proposition technique et financi\u00e8re<\/strong> en r\u00e9ponse au document d\u00e9taill\u00e9 de demande de propositions (RFP) ci-joint.<\/p>\n\n\n\n<p>Le <strong>la date limite de soumission est le 8 ao\u00fbt 2025<\/strong>.<\/p>\n\n\n\n<div data-wp-interactive=\"core\/file\" class=\"wp-block-file\"><object data-wp-bind--hidden=\"!state.hasPdfPreview\" hidden class=\"wp-block-file__embed\" data=\"https:\/\/charmafrica.org\/wp-content\/uploads\/2025\/07\/Terms-of-Reference-CHARM-Midterm-Evaluation.pdf\" type=\"application\/pdf\" style=\"width:100%;height:600px\" aria-label=\"Contenu livr\u00e9 Termes de r\u00e9f\u00e9rence-\u00c9valuation \u00e0 mi-parcours CHARM.\"><\/object><a id=\"wp-block-file--media-cde0c5a1-cd15-40bc-b557-d5fe9376d1e7\" href=\"https:\/\/charmafrica.org\/wp-content\/uploads\/2025\/07\/Terms-of-Reference-CHARM-Midterm-Evaluation.pdf\">Termes de r\u00e9f\u00e9rence - \u00c9valuation \u00e0 mi-parcours du programme CHARM<\/a><a href=\"https:\/\/charmafrica.org\/wp-content\/uploads\/2025\/07\/Terms-of-Reference-CHARM-Midterm-Evaluation.pdf\" class=\"wp-block-file__button wp-element-button\" download aria-describedby=\"wp-block-file--media-cde0c5a1-cd15-40bc-b557-d5fe9376d1e7\">T\u00e9l\u00e9charger<\/a><\/div>\n\n\n\n<p><\/p>","protected":false},"excerpt":{"rendered":"<p>The DefendDefenders, on behalf of the CHARM Consortium, is pleased to invite qualified consultants or consultancy firms to submit proposals for the [&hellip;]<\/p>\n","protected":false},"author":3,"featured_media":0,"comment_status":"closed","ping_status":"closed","sticky":false,"template":"","format":"standard","meta":{"footnotes":""},"categories":[1],"tags":[],"class_list":["post-1607","post","type-post","status-publish","format-standard","hentry","category-uncategorized"],"yoast_head":"<!-- This site is optimized with the Yoast SEO plugin v27.5 - https:\/\/yoast.com\/product\/yoast-seo-wordpress\/ -->\n<title>Call for Proposals: Mid-Term Evaluation of the CHARM Programme (2023\u20132025) - CHARM<\/title>\n<meta name=\"robots\" content=\"index, follow, max-snippet:-1, max-image-preview:large, max-video-preview:-1\" \/>\n<link rel=\"canonical\" href=\"https:\/\/charmafrica.org\/fr\/call-for-proposals-mid-term-evaluation-of-the-charm-programme-2023-2025\/\" \/>\n<meta property=\"og:locale\" content=\"fr_FR\" \/>\n<meta property=\"og:type\" content=\"article\" \/>\n<meta property=\"og:title\" content=\"Call for Proposals: Mid-Term Evaluation of the CHARM Programme (2023\u20132025) - CHARM\" \/>\n<meta property=\"og:description\" content=\"The DefendDefenders, on behalf of the CHARM Consortium, is pleased to invite qualified consultants or consultancy firms to submit proposals for the [&hellip;]\" \/>\n<meta property=\"og:url\" content=\"https:\/\/charmafrica.org\/fr\/call-for-proposals-mid-term-evaluation-of-the-charm-programme-2023-2025\/\" \/>\n<meta property=\"og:site_name\" content=\"CHARM\" \/>\n<meta property=\"article:published_time\" content=\"2025-07-22T11:43:27+00:00\" \/>\n<meta property=\"article:modified_time\" content=\"2025-07-22T11:43:33+00:00\" \/>\n<meta name=\"author\" content=\"Joyce Njeri Kimani\" \/>\n<meta name=\"twitter:card\" content=\"summary_large_image\" \/>\n<meta name=\"twitter:label1\" content=\"\u00c9crit par\" \/>\n\t<meta name=\"twitter:data1\" content=\"Joyce Njeri Kimani\" \/>\n\t<meta name=\"twitter:label2\" content=\"Dur\u00e9e de lecture estim\u00e9e\" \/>\n\t<meta name=\"twitter:data2\" content=\"1 minute\" \/>\n<script type=\"application\/ld+json\" class=\"yoast-schema-graph\">{\"@context\":\"https:\\\/\\\/schema.org\",\"@graph\":[{\"@type\":\"Article\",\"@id\":\"https:\\\/\\\/charmafrica.org\\\/call-for-proposals-mid-term-evaluation-of-the-charm-programme-2023-2025\\\/#article\",\"isPartOf\":{\"@id\":\"https:\\\/\\\/charmafrica.org\\\/call-for-proposals-mid-term-evaluation-of-the-charm-programme-2023-2025\\\/\"},\"author\":{\"name\":\"Joyce Njeri Kimani\",\"@id\":\"https:\\\/\\\/charmafrica.org\\\/#\\\/schema\\\/person\\\/1dc580f7a089fcb2dac052b771752209\"},\"headline\":\"Call for Proposals: Mid-Term Evaluation of the CHARM Programme (2023\u20132025)\",\"datePublished\":\"2025-07-22T11:43:27+00:00\",\"dateModified\":\"2025-07-22T11:43:33+00:00\",\"mainEntityOfPage\":{\"@id\":\"https:\\\/\\\/charmafrica.org\\\/call-for-proposals-mid-term-evaluation-of-the-charm-programme-2023-2025\\\/\"},\"wordCount\":95,\"publisher\":{\"@id\":\"https:\\\/\\\/charmafrica.org\\\/#organization\"},\"articleSection\":[\"Uncategorized\"],\"inLanguage\":\"fr-FR\"},{\"@type\":\"WebPage\",\"@id\":\"https:\\\/\\\/charmafrica.org\\\/call-for-proposals-mid-term-evaluation-of-the-charm-programme-2023-2025\\\/\",\"url\":\"https:\\\/\\\/charmafrica.org\\\/call-for-proposals-mid-term-evaluation-of-the-charm-programme-2023-2025\\\/\",\"name\":\"Call for Proposals: Mid-Term Evaluation of the CHARM Programme (2023\u20132025) - CHARM\",\"isPartOf\":{\"@id\":\"https:\\\/\\\/charmafrica.org\\\/#website\"},\"datePublished\":\"2025-07-22T11:43:27+00:00\",\"dateModified\":\"2025-07-22T11:43:33+00:00\",\"breadcrumb\":{\"@id\":\"https:\\\/\\\/charmafrica.org\\\/call-for-proposals-mid-term-evaluation-of-the-charm-programme-2023-2025\\\/#breadcrumb\"},\"inLanguage\":\"fr-FR\",\"potentialAction\":[{\"@type\":\"ReadAction\",\"target\":[\"https:\\\/\\\/charmafrica.org\\\/call-for-proposals-mid-term-evaluation-of-the-charm-programme-2023-2025\\\/\"]}]},{\"@type\":\"BreadcrumbList\",\"@id\":\"https:\\\/\\\/charmafrica.org\\\/call-for-proposals-mid-term-evaluation-of-the-charm-programme-2023-2025\\\/#breadcrumb\",\"itemListElement\":[{\"@type\":\"ListItem\",\"position\":1,\"name\":\"Home\",\"item\":\"https:\\\/\\\/charmafrica.org\\\/\"},{\"@type\":\"ListItem\",\"position\":2,\"name\":\"Call for Proposals: Mid-Term Evaluation of the CHARM Programme (2023\u20132025)\"}]},{\"@type\":\"WebSite\",\"@id\":\"https:\\\/\\\/charmafrica.org\\\/#website\",\"url\":\"https:\\\/\\\/charmafrica.org\\\/\",\"name\":\"CHARM\",\"description\":\"The Consortium for Human Rights and Media in Sub-Saharan Africa\",\"publisher\":{\"@id\":\"https:\\\/\\\/charmafrica.org\\\/#organization\"},\"potentialAction\":[{\"@type\":\"SearchAction\",\"target\":{\"@type\":\"EntryPoint\",\"urlTemplate\":\"https:\\\/\\\/charmafrica.org\\\/?s={search_term_string}\"},\"query-input\":{\"@type\":\"PropertyValueSpecification\",\"valueRequired\":true,\"valueName\":\"search_term_string\"}}],\"inLanguage\":\"fr-FR\"},{\"@type\":\"Organization\",\"@id\":\"https:\\\/\\\/charmafrica.org\\\/#organization\",\"name\":\"CHARM\",\"url\":\"https:\\\/\\\/charmafrica.org\\\/\",\"logo\":{\"@type\":\"ImageObject\",\"inLanguage\":\"fr-FR\",\"@id\":\"https:\\\/\\\/charmafrica.org\\\/#\\\/schema\\\/logo\\\/image\\\/\",\"url\":\"http:\\\/\\\/charmafrica.org\\\/wp-content\\\/uploads\\\/2024\\\/06\\\/WHITE-PNG-1-e1717590262194.png\",\"contentUrl\":\"http:\\\/\\\/charmafrica.org\\\/wp-content\\\/uploads\\\/2024\\\/06\\\/WHITE-PNG-1-e1717590262194.png\",\"width\":962,\"height\":249,\"caption\":\"CHARM\"},\"image\":{\"@id\":\"https:\\\/\\\/charmafrica.org\\\/#\\\/schema\\\/logo\\\/image\\\/\"}},{\"@type\":\"Person\",\"@id\":\"https:\\\/\\\/charmafrica.org\\\/#\\\/schema\\\/person\\\/1dc580f7a089fcb2dac052b771752209\",\"name\":\"Joyce Njeri Kimani\",\"image\":{\"@type\":\"ImageObject\",\"inLanguage\":\"fr-FR\",\"@id\":\"https:\\\/\\\/secure.gravatar.com\\\/avatar\\\/a4a838e8e22876434d71fa3977efc1568e5e1d4d5ae44c5a2b342763a746cf5d?s=96&d=mm&r=g\",\"url\":\"https:\\\/\\\/secure.gravatar.com\\\/avatar\\\/a4a838e8e22876434d71fa3977efc1568e5e1d4d5ae44c5a2b342763a746cf5d?s=96&d=mm&r=g\",\"contentUrl\":\"https:\\\/\\\/secure.gravatar.com\\\/avatar\\\/a4a838e8e22876434d71fa3977efc1568e5e1d4d5ae44c5a2b342763a746cf5d?s=96&d=mm&r=g\",\"caption\":\"Joyce Njeri Kimani\"},\"url\":\"https:\\\/\\\/charmafrica.org\\\/fr\\\/author\\\/joycek\\\/\"}]}<\/script>\n<!-- \/ Yoast SEO plugin. -->","yoast_head_json":{"title":"Call for Proposals: Mid-Term Evaluation of the CHARM Programme (2023\u20132025) - CHARM","robots":{"index":"index","follow":"follow","max-snippet":"max-snippet:-1","max-image-preview":"max-image-preview:large","max-video-preview":"max-video-preview:-1"},"canonical":"https:\/\/charmafrica.org\/fr\/call-for-proposals-mid-term-evaluation-of-the-charm-programme-2023-2025\/","og_locale":"fr_FR","og_type":"article","og_title":"Call for Proposals: Mid-Term Evaluation of the CHARM Programme (2023\u20132025) - CHARM","og_description":"The DefendDefenders, on behalf of the CHARM Consortium, is pleased to invite qualified consultants or consultancy firms to submit proposals for the [&hellip;]","og_url":"https:\/\/charmafrica.org\/fr\/call-for-proposals-mid-term-evaluation-of-the-charm-programme-2023-2025\/","og_site_name":"CHARM","article_published_time":"2025-07-22T11:43:27+00:00","article_modified_time":"2025-07-22T11:43:33+00:00","author":"Joyce Njeri Kimani","twitter_card":"summary_large_image","twitter_misc":{"\u00c9crit par":"Joyce Njeri Kimani","Dur\u00e9e de lecture estim\u00e9e":"1 minute"},"schema":{"@context":"https:\/\/schema.org","@graph":[{"@type":"Article","@id":"https:\/\/charmafrica.org\/call-for-proposals-mid-term-evaluation-of-the-charm-programme-2023-2025\/#article","isPartOf":{"@id":"https:\/\/charmafrica.org\/call-for-proposals-mid-term-evaluation-of-the-charm-programme-2023-2025\/"},"author":{"name":"Joyce Njeri Kimani","@id":"https:\/\/charmafrica.org\/#\/schema\/person\/1dc580f7a089fcb2dac052b771752209"},"headline":"Call for Proposals: Mid-Term Evaluation of the CHARM Programme (2023\u20132025)","datePublished":"2025-07-22T11:43:27+00:00","dateModified":"2025-07-22T11:43:33+00:00","mainEntityOfPage":{"@id":"https:\/\/charmafrica.org\/call-for-proposals-mid-term-evaluation-of-the-charm-programme-2023-2025\/"},"wordCount":95,"publisher":{"@id":"https:\/\/charmafrica.org\/#organization"},"articleSection":["Uncategorized"],"inLanguage":"fr-FR"},{"@type":"WebPage","@id":"https:\/\/charmafrica.org\/call-for-proposals-mid-term-evaluation-of-the-charm-programme-2023-2025\/","url":"https:\/\/charmafrica.org\/call-for-proposals-mid-term-evaluation-of-the-charm-programme-2023-2025\/","name":"Call for Proposals: Mid-Term Evaluation of the CHARM Programme (2023\u20132025) - CHARM","isPartOf":{"@id":"https:\/\/charmafrica.org\/#website"},"datePublished":"2025-07-22T11:43:27+00:00","dateModified":"2025-07-22T11:43:33+00:00","breadcrumb":{"@id":"https:\/\/charmafrica.org\/call-for-proposals-mid-term-evaluation-of-the-charm-programme-2023-2025\/#breadcrumb"},"inLanguage":"fr-FR","potentialAction":[{"@type":"ReadAction","target":["https:\/\/charmafrica.org\/call-for-proposals-mid-term-evaluation-of-the-charm-programme-2023-2025\/"]}]},{"@type":"BreadcrumbList","@id":"https:\/\/charmafrica.org\/call-for-proposals-mid-term-evaluation-of-the-charm-programme-2023-2025\/#breadcrumb","itemListElement":[{"@type":"ListItem","position":1,"name":"Home","item":"https:\/\/charmafrica.org\/"},{"@type":"ListItem","position":2,"name":"Call for Proposals: Mid-Term Evaluation of the CHARM Programme (2023\u20132025)"}]},{"@type":"WebSite","@id":"https:\/\/charmafrica.org\/#website","url":"https:\/\/charmafrica.org\/","name":"CHARME","description":"Le Consortium pour les droits de l&#039;homme et les m\u00e9dias en Afrique subsaharienne","publisher":{"@id":"https:\/\/charmafrica.org\/#organization"},"potentialAction":[{"@type":"SearchAction","target":{"@type":"EntryPoint","urlTemplate":"https:\/\/charmafrica.org\/?s={search_term_string}"},"query-input":{"@type":"PropertyValueSpecification","valueRequired":true,"valueName":"search_term_string"}}],"inLanguage":"fr-FR"},{"@type":"Organization","@id":"https:\/\/charmafrica.org\/#organization","name":"CHARME","url":"https:\/\/charmafrica.org\/","logo":{"@type":"ImageObject","inLanguage":"fr-FR","@id":"https:\/\/charmafrica.org\/#\/schema\/logo\/image\/","url":"http:\/\/charmafrica.org\/wp-content\/uploads\/2024\/06\/WHITE-PNG-1-e1717590262194.png","contentUrl":"http:\/\/charmafrica.org\/wp-content\/uploads\/2024\/06\/WHITE-PNG-1-e1717590262194.png","width":962,"height":249,"caption":"CHARM"},"image":{"@id":"https:\/\/charmafrica.org\/#\/schema\/logo\/image\/"}},{"@type":"Person","@id":"https:\/\/charmafrica.org\/#\/schema\/person\/1dc580f7a089fcb2dac052b771752209","name":"Joyce Njeri Kimani","image":{"@type":"ImageObject","inLanguage":"fr-FR","@id":"https:\/\/secure.gravatar.com\/avatar\/a4a838e8e22876434d71fa3977efc1568e5e1d4d5ae44c5a2b342763a746cf5d?s=96&d=mm&r=g","url":"https:\/\/secure.gravatar.com\/avatar\/a4a838e8e22876434d71fa3977efc1568e5e1d4d5ae44c5a2b342763a746cf5d?s=96&d=mm&r=g","contentUrl":"https:\/\/secure.gravatar.com\/avatar\/a4a838e8e22876434d71fa3977efc1568e5e1d4d5ae44c5a2b342763a746cf5d?s=96&d=mm&r=g","caption":"Joyce Njeri Kimani"},"url":"https:\/\/charmafrica.org\/fr\/author\/joycek\/"}]}},"_links":{"self":[{"href":"https:\/\/charmafrica.org\/fr\/wp-json\/wp\/v2\/posts\/1607","targetHints":{"allow":["GET"]}}],"collection":[{"href":"https:\/\/charmafrica.org\/fr\/wp-json\/wp\/v2\/posts"}],"about":[{"href":"https:\/\/charmafrica.org\/fr\/wp-json\/wp\/v2\/types\/post"}],"author":[{"embeddable":true,"href":"https:\/\/charmafrica.org\/fr\/wp-json\/wp\/v2\/users\/3"}],"replies":[{"embeddable":true,"href":"https:\/\/charmafrica.org\/fr\/wp-json\/wp\/v2\/comments?post=1607"}],"version-history":[{"count":1,"href":"https:\/\/charmafrica.org\/fr\/wp-json\/wp\/v2\/posts\/1607\/revisions"}],"predecessor-version":[{"id":1612,"href":"https:\/\/charmafrica.org\/fr\/wp-json\/wp\/v2\/posts\/1607\/revisions\/1612"}],"wp:attachment":[{"href":"https:\/\/charmafrica.org\/fr\/wp-json\/wp\/v2\/media?parent=1607"}],"wp:term":[{"taxonomy":"category","embeddable":true,"href":"https:\/\/charmafrica.org\/fr\/wp-json\/wp\/v2\/categories?post=1607"},{"taxonomy":"post_tag","embeddable":true,"href":"https:\/\/charmafrica.org\/fr\/wp-json\/wp\/v2\/tags?post=1607"}],"curies":[{"name":"wp","href":"https:\/\/api.w.org\/{rel}","templated":true}]}}