{"id":1596,"date":"2025-07-14T07:23:03","date_gmt":"2025-07-14T07:23:03","guid":{"rendered":"https:\/\/charmafrica.org\/?p=1596"},"modified":"2025-07-14T07:23:07","modified_gmt":"2025-07-14T07:23:07","slug":"kenyan-feminist-empowers-minority-women-after-crd-training","status":"publish","type":"post","link":"https:\/\/charmafrica.org\/fr\/kenyan-feminist-empowers-minority-women-after-crd-training\/","title":{"rendered":"Une f\u00e9ministe kenyane donne du pouvoir aux femmes issues de minorit\u00e9s apr\u00e8s une formation au CRD"},"content":{"rendered":"<figure class=\"wp-block-image size-large\"><img fetchpriority=\"high\" decoding=\"async\" width=\"1024\" height=\"683\" src=\"https:\/\/charmafrica.org\/wp-content\/uploads\/2025\/07\/SIA_2919-1024x683.jpg\" alt=\"\" class=\"wp-image-1597\" srcset=\"https:\/\/charmafrica.org\/wp-content\/uploads\/2025\/07\/SIA_2919-1024x683.jpg 1024w, https:\/\/charmafrica.org\/wp-content\/uploads\/2025\/07\/SIA_2919-300x200.jpg 300w, https:\/\/charmafrica.org\/wp-content\/uploads\/2025\/07\/SIA_2919-768x512.jpg 768w, https:\/\/charmafrica.org\/wp-content\/uploads\/2025\/07\/SIA_2919-1536x1024.jpg 1536w, https:\/\/charmafrica.org\/wp-content\/uploads\/2025\/07\/SIA_2919-2048x1365.jpg 2048w, https:\/\/charmafrica.org\/wp-content\/uploads\/2025\/07\/SIA_2919-18x12.jpg 18w, https:\/\/charmafrica.org\/wp-content\/uploads\/2025\/07\/SIA_2919-650x433.jpg 650w\" sizes=\"(max-width: 1024px) 100vw, 1024px\" \/><figcaption class=\"wp-element-caption\">Peace Loise Mbae, responsable de la communication chez Minority Women in Action (MWA), guide les participants \u00e0 Nairobi \u00e0 travers l&#039;arbre \u00e0 probl\u00e8mes, l&#039;une des approches qu&#039;elle a apprises sur l&#039;activisme bas\u00e9 sur les solutions lors de la formation dispens\u00e9e par les d\u00e9fenseurs des droits civiques (CRD).<\/figcaption><\/figure>\n\n\n\n<p>Lorsqu&#039;elle a assist\u00e9 \u00e0 la r\u00e9union des formateurs de formateurs organis\u00e9e par CHARM, par l&#039;interm\u00e9diaire de Civil Rights Defenders (CRD), Peace Loise avait pour mission de comprendre pourquoi elle se bat pour les droits des homosexuels.<\/p>\n\n\n\n<p>Loise est charg\u00e9e de communication chez Minority Women in Action (MWA), une organisation citoyenne bas\u00e9e \u00e0 Nairobi, au Kenya, qui \u0153uvre pour la promotion des droits et du bien-\u00eatre des femmes issues de minorit\u00e9s, notamment des personnes LGBTQ+, par le biais de programmes de plaidoyer, d&#039;\u00e9ducation et d&#039;autonomisation. Nous l&#039;avons rencontr\u00e9e lors d&#039;une r\u00e9union de formateurs, o\u00f9 elle a r\u00e9uni dix leaders cl\u00e9s dans le quartier B Sud de Nairobi, pour des formations sur diff\u00e9rents sujets, notamment la conscience f\u00e9ministe, la compr\u00e9hension du pouvoir int\u00e9rieur et l&#039;autonomisation des femmes issues de minorit\u00e9s au Kenya. <\/p>\n\n\n\n<p>Elle s&#039;est inspir\u00e9e du Guide de poche f\u00e9ministe pour les d\u00e9fenseurs des droits humains, un guide du CRD sur la formation aux questions de genre. Aujourd&#039;hui formatrice de formateurs apr\u00e8s une formation en novembre 2024, Loise s&#039;efforce de diffuser les connaissances et le plaidoyer f\u00e9ministes au sein du r\u00e9seau croissant de la MWIA, qui compte plus de 500 membres r\u00e9partis dans cinq sections du pays.<\/p>\n\n\n\n<figure class=\"wp-block-image size-large\"><img decoding=\"async\" width=\"1024\" height=\"683\" src=\"https:\/\/charmafrica.org\/wp-content\/uploads\/2025\/07\/SIA_2892-1024x683.jpg\" alt=\"\" class=\"wp-image-1598\" srcset=\"https:\/\/charmafrica.org\/wp-content\/uploads\/2025\/07\/SIA_2892-1024x683.jpg 1024w, https:\/\/charmafrica.org\/wp-content\/uploads\/2025\/07\/SIA_2892-300x200.jpg 300w, https:\/\/charmafrica.org\/wp-content\/uploads\/2025\/07\/SIA_2892-768x512.jpg 768w, https:\/\/charmafrica.org\/wp-content\/uploads\/2025\/07\/SIA_2892-1536x1024.jpg 1536w, https:\/\/charmafrica.org\/wp-content\/uploads\/2025\/07\/SIA_2892-2048x1365.jpg 2048w, https:\/\/charmafrica.org\/wp-content\/uploads\/2025\/07\/SIA_2892-18x12.jpg 18w, https:\/\/charmafrica.org\/wp-content\/uploads\/2025\/07\/SIA_2892-650x433.jpg 650w\" sizes=\"(max-width: 1024px) 100vw, 1024px\" \/><figcaption class=\"wp-element-caption\">Certains des participants qui ont assist\u00e9 \u00e0 la formation TOT \u00e0 Nairobi, au Kenya.<\/figcaption><\/figure>\n\n\n\n<p>La formation a fourni \u00e0 Loise et aux autres participants des outils pour d\u00e9cortiquer des sujets complexes tels que les exp\u00e9riences v\u00e9cues d\u2019homophobie, la conscience f\u00e9ministe, la cartographie du pouvoir et \u00ab l\u2019arbre \u00e0 probl\u00e8mes \u00bb, un outil utilis\u00e9 pour identifier les causes profondes des probl\u00e8mes syst\u00e9miques.<\/p>\n\n\n\n<p>\u00ab L&#039;un de mes plus grands enseignements \u00bb, a confi\u00e9 Loise, \u00ab a \u00e9t\u00e9 de comprendre la conscience f\u00e9ministe et de l&#039;int\u00e9grer \u00e0 ma vie personnelle. Avant cela, j&#039;avais souvent du mal \u00e0 r\u00e9pondre \u00e0 des questions simples mais profondes comme : &quot;Pourquoi es-tu f\u00e9ministe ?&quot; Maintenant, je comprends qu&#039;il ne s&#039;agit pas seulement de lutter contre l&#039;injustice, mais aussi de savoir <em>pourquoi<\/em> \u00ab Nous nous battons et nous avons les bonnes informations pour le soutenir. \u00bb<\/p>\n\n\n\n<p>\u00c0 Addis, Loise a eu l&#039;occasion de r\u00e9fl\u00e9chir en profondeur \u00e0 son propre parcours et de partager son point de vue lors d&#039;exercices tels que la cartographie du pouvoir, l&#039;analyse du \u00ab pouvoir int\u00e9rieur \u00bb, du \u00ab pouvoir avec \u00bb et du \u00ab pouvoir sur \u00bb. Elle affirme que cette exp\u00e9rience lui a permis de mieux d\u00e9fendre les int\u00e9r\u00eats des autres, mais aussi les siens.<\/p>\n\n\n\n<p>\u00ab Je suis d\u00e9sormais une grande d\u00e9fenseure de moi-m\u00eame. Je peux exercer mon pouvoir int\u00e9rieur, les connaissances et la conscience que j&#039;ai acquises, pour aligner mon monde int\u00e9rieur sur mes actions ext\u00e9rieures. \u00bb a-t-elle ajout\u00e9.<\/p>\n\n\n\n<figure class=\"wp-block-image size-large\"><img decoding=\"async\" width=\"1024\" height=\"683\" src=\"https:\/\/charmafrica.org\/wp-content\/uploads\/2025\/07\/SIA_2896-1024x683.jpg\" alt=\"\" class=\"wp-image-1599\" srcset=\"https:\/\/charmafrica.org\/wp-content\/uploads\/2025\/07\/SIA_2896-1024x683.jpg 1024w, https:\/\/charmafrica.org\/wp-content\/uploads\/2025\/07\/SIA_2896-300x200.jpg 300w, https:\/\/charmafrica.org\/wp-content\/uploads\/2025\/07\/SIA_2896-768x512.jpg 768w, https:\/\/charmafrica.org\/wp-content\/uploads\/2025\/07\/SIA_2896-1536x1024.jpg 1536w, https:\/\/charmafrica.org\/wp-content\/uploads\/2025\/07\/SIA_2896-2048x1365.jpg 2048w, https:\/\/charmafrica.org\/wp-content\/uploads\/2025\/07\/SIA_2896-18x12.jpg 18w, https:\/\/charmafrica.org\/wp-content\/uploads\/2025\/07\/SIA_2896-650x433.jpg 650w\" sizes=\"(max-width: 1024px) 100vw, 1024px\" \/><figcaption class=\"wp-element-caption\">Les participants ont \u00e9galement utilis\u00e9 l\u2019art comme moyen de d\u00e9tente.<\/figcaption><\/figure>\n\n\n\n<p>Forte de sa confiance et de ses connaissances nouvellement acquises, Loise a identifi\u00e9 des militantes cl\u00e9s de premi\u00e8re ligne au sein de la MWA pour suivre une formation similaire. Son objectif est de cr\u00e9er un effet d&#039;entra\u00eenement gr\u00e2ce auquel les leaders form\u00e9es transmettront leurs connaissances aux autres membres, garantissant ainsi que la sensibilisation et l&#039;autonomisation f\u00e9ministes atteignent m\u00eame la base de l&#039;organisation.<\/p>\n\n\n\n<p>La mission de MWA est de donner aux minorit\u00e9s sexuelles et de genre les moyens de disposer de leur corps, de d\u00e9fendre leurs droits et de ne pas \u00eatre discrimin\u00e9es. Leur intersectionnalit\u00e9 se refl\u00e8te dans la diversit\u00e9 de nos membres et dans notre travail aupr\u00e8s des femmes trans, des personnes non conformes au genre et des femmes queer de foi.<\/p>\n\n\n\n<figure class=\"wp-block-image size-large\"><img loading=\"lazy\" decoding=\"async\" width=\"1024\" height=\"683\" src=\"https:\/\/charmafrica.org\/wp-content\/uploads\/2025\/07\/SIA_2912-1024x683.jpg\" alt=\"\" class=\"wp-image-1600\" srcset=\"https:\/\/charmafrica.org\/wp-content\/uploads\/2025\/07\/SIA_2912-1024x683.jpg 1024w, https:\/\/charmafrica.org\/wp-content\/uploads\/2025\/07\/SIA_2912-300x200.jpg 300w, https:\/\/charmafrica.org\/wp-content\/uploads\/2025\/07\/SIA_2912-768x512.jpg 768w, https:\/\/charmafrica.org\/wp-content\/uploads\/2025\/07\/SIA_2912-1536x1024.jpg 1536w, https:\/\/charmafrica.org\/wp-content\/uploads\/2025\/07\/SIA_2912-2048x1365.jpg 2048w, https:\/\/charmafrica.org\/wp-content\/uploads\/2025\/07\/SIA_2912-18x12.jpg 18w, https:\/\/charmafrica.org\/wp-content\/uploads\/2025\/07\/SIA_2912-650x433.jpg 650w\" sizes=\"(max-width: 1024px) 100vw, 1024px\" \/><\/figure>\n\n\n\n<p>\u00ab En tant que femme queer et f\u00e9ministe, je souhaite sensibiliser la communaut\u00e9 queer \u00bb, explique Loise. \u00ab Nous devons donner \u00e0 chacun les moyens de disposer de son corps et de d\u00e9fendre ses droits. Mais pour cela, nous avons besoin des bonnes informations et des bons outils. \u00bb<\/p>\n\n\n\n<p>D\u00e9sirant d\u00e9sormais devenir formatrice certifi\u00e9e de formateurs, Loise envisage d&#039;int\u00e9grer la conscience f\u00e9ministe \u00e0 la fois dans la vie personnelle et dans l&#039;action collective. \u00ab Il s&#039;agit de cr\u00e9er un mouvement \u00bb, a-t-elle d\u00e9clar\u00e9. \u00ab Un mouvement qui part de l&#039;int\u00e9rieur et s&#039;\u00e9tend vers l&#039;ext\u00e9rieur, dans les communaut\u00e9s, les organisations et les syst\u00e8mes. \u00bb<\/p>","protected":false},"excerpt":{"rendered":"<p>When she attended the Trainer of Trainers meeting organized by CHARM, through Civil Rights Defenders, (CRD), Peace Loise was on a mission [&hellip;]<\/p>\n","protected":false},"author":3,"featured_media":0,"comment_status":"closed","ping_status":"closed","sticky":false,"template":"","format":"standard","meta":{"footnotes":""},"categories":[1],"tags":[],"class_list":["post-1596","post","type-post","status-publish","format-standard","hentry","category-uncategorized"],"yoast_head":"<!-- This site is optimized with the Yoast SEO plugin v27.5 - https:\/\/yoast.com\/product\/yoast-seo-wordpress\/ -->\n<title>Kenyan feminist empowers minority women after CRD training - CHARM<\/title>\n<meta name=\"robots\" content=\"index, follow, max-snippet:-1, max-image-preview:large, max-video-preview:-1\" \/>\n<link rel=\"canonical\" href=\"https:\/\/charmafrica.org\/fr\/kenyan-feminist-empowers-minority-women-after-crd-training\/\" \/>\n<meta property=\"og:locale\" content=\"fr_FR\" \/>\n<meta property=\"og:type\" content=\"article\" \/>\n<meta property=\"og:title\" content=\"Kenyan feminist empowers minority women after CRD training - CHARM\" \/>\n<meta property=\"og:description\" content=\"When she attended the Trainer of Trainers meeting organized by CHARM, through Civil Rights Defenders, (CRD), Peace Loise was on a mission [&hellip;]\" \/>\n<meta property=\"og:url\" content=\"https:\/\/charmafrica.org\/fr\/kenyan-feminist-empowers-minority-women-after-crd-training\/\" \/>\n<meta property=\"og:site_name\" content=\"CHARM\" \/>\n<meta property=\"article:published_time\" content=\"2025-07-14T07:23:03+00:00\" \/>\n<meta property=\"article:modified_time\" content=\"2025-07-14T07:23:07+00:00\" \/>\n<meta property=\"og:image\" content=\"https:\/\/charmafrica.org\/wp-content\/uploads\/2025\/07\/SIA_2919-scaled.jpg\" \/>\n\t<meta property=\"og:image:width\" content=\"2560\" \/>\n\t<meta property=\"og:image:height\" content=\"1707\" \/>\n\t<meta property=\"og:image:type\" content=\"image\/jpeg\" \/>\n<meta name=\"author\" content=\"Joyce Njeri Kimani\" \/>\n<meta name=\"twitter:card\" content=\"summary_large_image\" \/>\n<meta name=\"twitter:label1\" content=\"\u00c9crit par\" \/>\n\t<meta name=\"twitter:data1\" content=\"Joyce Njeri Kimani\" \/>\n\t<meta name=\"twitter:label2\" content=\"Dur\u00e9e de lecture estim\u00e9e\" \/>\n\t<meta name=\"twitter:data2\" content=\"4 minutes\" \/>\n<script type=\"application\/ld+json\" class=\"yoast-schema-graph\">{\"@context\":\"https:\\\/\\\/schema.org\",\"@graph\":[{\"@type\":\"Article\",\"@id\":\"https:\\\/\\\/charmafrica.org\\\/kenyan-feminist-empowers-minority-women-after-crd-training\\\/#article\",\"isPartOf\":{\"@id\":\"https:\\\/\\\/charmafrica.org\\\/kenyan-feminist-empowers-minority-women-after-crd-training\\\/\"},\"author\":{\"name\":\"Joyce Njeri Kimani\",\"@id\":\"https:\\\/\\\/charmafrica.org\\\/#\\\/schema\\\/person\\\/1dc580f7a089fcb2dac052b771752209\"},\"headline\":\"Kenyan feminist empowers minority women after CRD training\",\"datePublished\":\"2025-07-14T07:23:03+00:00\",\"dateModified\":\"2025-07-14T07:23:07+00:00\",\"mainEntityOfPage\":{\"@id\":\"https:\\\/\\\/charmafrica.org\\\/kenyan-feminist-empowers-minority-women-after-crd-training\\\/\"},\"wordCount\":596,\"publisher\":{\"@id\":\"https:\\\/\\\/charmafrica.org\\\/#organization\"},\"image\":{\"@id\":\"https:\\\/\\\/charmafrica.org\\\/kenyan-feminist-empowers-minority-women-after-crd-training\\\/#primaryimage\"},\"thumbnailUrl\":\"https:\\\/\\\/charmafrica.org\\\/wp-content\\\/uploads\\\/2025\\\/07\\\/SIA_2919-1024x683.jpg\",\"articleSection\":[\"Uncategorized\"],\"inLanguage\":\"fr-FR\"},{\"@type\":\"WebPage\",\"@id\":\"https:\\\/\\\/charmafrica.org\\\/kenyan-feminist-empowers-minority-women-after-crd-training\\\/\",\"url\":\"https:\\\/\\\/charmafrica.org\\\/kenyan-feminist-empowers-minority-women-after-crd-training\\\/\",\"name\":\"Kenyan feminist empowers minority women after CRD training - CHARM\",\"isPartOf\":{\"@id\":\"https:\\\/\\\/charmafrica.org\\\/#website\"},\"primaryImageOfPage\":{\"@id\":\"https:\\\/\\\/charmafrica.org\\\/kenyan-feminist-empowers-minority-women-after-crd-training\\\/#primaryimage\"},\"image\":{\"@id\":\"https:\\\/\\\/charmafrica.org\\\/kenyan-feminist-empowers-minority-women-after-crd-training\\\/#primaryimage\"},\"thumbnailUrl\":\"https:\\\/\\\/charmafrica.org\\\/wp-content\\\/uploads\\\/2025\\\/07\\\/SIA_2919-1024x683.jpg\",\"datePublished\":\"2025-07-14T07:23:03+00:00\",\"dateModified\":\"2025-07-14T07:23:07+00:00\",\"breadcrumb\":{\"@id\":\"https:\\\/\\\/charmafrica.org\\\/kenyan-feminist-empowers-minority-women-after-crd-training\\\/#breadcrumb\"},\"inLanguage\":\"fr-FR\",\"potentialAction\":[{\"@type\":\"ReadAction\",\"target\":[\"https:\\\/\\\/charmafrica.org\\\/kenyan-feminist-empowers-minority-women-after-crd-training\\\/\"]}]},{\"@type\":\"ImageObject\",\"inLanguage\":\"fr-FR\",\"@id\":\"https:\\\/\\\/charmafrica.org\\\/kenyan-feminist-empowers-minority-women-after-crd-training\\\/#primaryimage\",\"url\":\"https:\\\/\\\/charmafrica.org\\\/wp-content\\\/uploads\\\/2025\\\/07\\\/SIA_2919-1024x683.jpg\",\"contentUrl\":\"https:\\\/\\\/charmafrica.org\\\/wp-content\\\/uploads\\\/2025\\\/07\\\/SIA_2919-1024x683.jpg\"},{\"@type\":\"BreadcrumbList\",\"@id\":\"https:\\\/\\\/charmafrica.org\\\/kenyan-feminist-empowers-minority-women-after-crd-training\\\/#breadcrumb\",\"itemListElement\":[{\"@type\":\"ListItem\",\"position\":1,\"name\":\"Home\",\"item\":\"https:\\\/\\\/charmafrica.org\\\/\"},{\"@type\":\"ListItem\",\"position\":2,\"name\":\"Kenyan feminist empowers minority women after CRD training\"}]},{\"@type\":\"WebSite\",\"@id\":\"https:\\\/\\\/charmafrica.org\\\/#website\",\"url\":\"https:\\\/\\\/charmafrica.org\\\/\",\"name\":\"CHARM\",\"description\":\"The Consortium for Human Rights and Media in Sub-Saharan Africa\",\"publisher\":{\"@id\":\"https:\\\/\\\/charmafrica.org\\\/#organization\"},\"potentialAction\":[{\"@type\":\"SearchAction\",\"target\":{\"@type\":\"EntryPoint\",\"urlTemplate\":\"https:\\\/\\\/charmafrica.org\\\/?s={search_term_string}\"},\"query-input\":{\"@type\":\"PropertyValueSpecification\",\"valueRequired\":true,\"valueName\":\"search_term_string\"}}],\"inLanguage\":\"fr-FR\"},{\"@type\":\"Organization\",\"@id\":\"https:\\\/\\\/charmafrica.org\\\/#organization\",\"name\":\"CHARM\",\"url\":\"https:\\\/\\\/charmafrica.org\\\/\",\"logo\":{\"@type\":\"ImageObject\",\"inLanguage\":\"fr-FR\",\"@id\":\"https:\\\/\\\/charmafrica.org\\\/#\\\/schema\\\/logo\\\/image\\\/\",\"url\":\"http:\\\/\\\/charmafrica.org\\\/wp-content\\\/uploads\\\/2024\\\/06\\\/WHITE-PNG-1-e1717590262194.png\",\"contentUrl\":\"http:\\\/\\\/charmafrica.org\\\/wp-content\\\/uploads\\\/2024\\\/06\\\/WHITE-PNG-1-e1717590262194.png\",\"width\":962,\"height\":249,\"caption\":\"CHARM\"},\"image\":{\"@id\":\"https:\\\/\\\/charmafrica.org\\\/#\\\/schema\\\/logo\\\/image\\\/\"}},{\"@type\":\"Person\",\"@id\":\"https:\\\/\\\/charmafrica.org\\\/#\\\/schema\\\/person\\\/1dc580f7a089fcb2dac052b771752209\",\"name\":\"Joyce Njeri Kimani\",\"image\":{\"@type\":\"ImageObject\",\"inLanguage\":\"fr-FR\",\"@id\":\"https:\\\/\\\/secure.gravatar.com\\\/avatar\\\/a4a838e8e22876434d71fa3977efc1568e5e1d4d5ae44c5a2b342763a746cf5d?s=96&d=mm&r=g\",\"url\":\"https:\\\/\\\/secure.gravatar.com\\\/avatar\\\/a4a838e8e22876434d71fa3977efc1568e5e1d4d5ae44c5a2b342763a746cf5d?s=96&d=mm&r=g\",\"contentUrl\":\"https:\\\/\\\/secure.gravatar.com\\\/avatar\\\/a4a838e8e22876434d71fa3977efc1568e5e1d4d5ae44c5a2b342763a746cf5d?s=96&d=mm&r=g\",\"caption\":\"Joyce Njeri Kimani\"},\"url\":\"https:\\\/\\\/charmafrica.org\\\/fr\\\/author\\\/joycek\\\/\"}]}<\/script>\n<!-- \/ Yoast SEO plugin. -->","yoast_head_json":{"title":"Kenyan feminist empowers minority women after CRD training - CHARM","robots":{"index":"index","follow":"follow","max-snippet":"max-snippet:-1","max-image-preview":"max-image-preview:large","max-video-preview":"max-video-preview:-1"},"canonical":"https:\/\/charmafrica.org\/fr\/kenyan-feminist-empowers-minority-women-after-crd-training\/","og_locale":"fr_FR","og_type":"article","og_title":"Kenyan feminist empowers minority women after CRD training - CHARM","og_description":"When she attended the Trainer of Trainers meeting organized by CHARM, through Civil Rights Defenders, (CRD), Peace Loise was on a mission [&hellip;]","og_url":"https:\/\/charmafrica.org\/fr\/kenyan-feminist-empowers-minority-women-after-crd-training\/","og_site_name":"CHARM","article_published_time":"2025-07-14T07:23:03+00:00","article_modified_time":"2025-07-14T07:23:07+00:00","og_image":[{"width":2560,"height":1707,"url":"https:\/\/charmafrica.org\/wp-content\/uploads\/2025\/07\/SIA_2919-scaled.jpg","type":"image\/jpeg"}],"author":"Joyce Njeri Kimani","twitter_card":"summary_large_image","twitter_misc":{"\u00c9crit par":"Joyce Njeri Kimani","Dur\u00e9e de lecture estim\u00e9e":"4 minutes"},"schema":{"@context":"https:\/\/schema.org","@graph":[{"@type":"Article","@id":"https:\/\/charmafrica.org\/kenyan-feminist-empowers-minority-women-after-crd-training\/#article","isPartOf":{"@id":"https:\/\/charmafrica.org\/kenyan-feminist-empowers-minority-women-after-crd-training\/"},"author":{"name":"Joyce Njeri Kimani","@id":"https:\/\/charmafrica.org\/#\/schema\/person\/1dc580f7a089fcb2dac052b771752209"},"headline":"Kenyan feminist empowers minority women after CRD training","datePublished":"2025-07-14T07:23:03+00:00","dateModified":"2025-07-14T07:23:07+00:00","mainEntityOfPage":{"@id":"https:\/\/charmafrica.org\/kenyan-feminist-empowers-minority-women-after-crd-training\/"},"wordCount":596,"publisher":{"@id":"https:\/\/charmafrica.org\/#organization"},"image":{"@id":"https:\/\/charmafrica.org\/kenyan-feminist-empowers-minority-women-after-crd-training\/#primaryimage"},"thumbnailUrl":"https:\/\/charmafrica.org\/wp-content\/uploads\/2025\/07\/SIA_2919-1024x683.jpg","articleSection":["Uncategorized"],"inLanguage":"fr-FR"},{"@type":"WebPage","@id":"https:\/\/charmafrica.org\/kenyan-feminist-empowers-minority-women-after-crd-training\/","url":"https:\/\/charmafrica.org\/kenyan-feminist-empowers-minority-women-after-crd-training\/","name":"Kenyan feminist empowers minority women after CRD training - CHARM","isPartOf":{"@id":"https:\/\/charmafrica.org\/#website"},"primaryImageOfPage":{"@id":"https:\/\/charmafrica.org\/kenyan-feminist-empowers-minority-women-after-crd-training\/#primaryimage"},"image":{"@id":"https:\/\/charmafrica.org\/kenyan-feminist-empowers-minority-women-after-crd-training\/#primaryimage"},"thumbnailUrl":"https:\/\/charmafrica.org\/wp-content\/uploads\/2025\/07\/SIA_2919-1024x683.jpg","datePublished":"2025-07-14T07:23:03+00:00","dateModified":"2025-07-14T07:23:07+00:00","breadcrumb":{"@id":"https:\/\/charmafrica.org\/kenyan-feminist-empowers-minority-women-after-crd-training\/#breadcrumb"},"inLanguage":"fr-FR","potentialAction":[{"@type":"ReadAction","target":["https:\/\/charmafrica.org\/kenyan-feminist-empowers-minority-women-after-crd-training\/"]}]},{"@type":"ImageObject","inLanguage":"fr-FR","@id":"https:\/\/charmafrica.org\/kenyan-feminist-empowers-minority-women-after-crd-training\/#primaryimage","url":"https:\/\/charmafrica.org\/wp-content\/uploads\/2025\/07\/SIA_2919-1024x683.jpg","contentUrl":"https:\/\/charmafrica.org\/wp-content\/uploads\/2025\/07\/SIA_2919-1024x683.jpg"},{"@type":"BreadcrumbList","@id":"https:\/\/charmafrica.org\/kenyan-feminist-empowers-minority-women-after-crd-training\/#breadcrumb","itemListElement":[{"@type":"ListItem","position":1,"name":"Home","item":"https:\/\/charmafrica.org\/"},{"@type":"ListItem","position":2,"name":"Kenyan feminist empowers minority women after CRD training"}]},{"@type":"WebSite","@id":"https:\/\/charmafrica.org\/#website","url":"https:\/\/charmafrica.org\/","name":"CHARME","description":"Le Consortium pour les droits de l&#039;homme et les m\u00e9dias en Afrique subsaharienne","publisher":{"@id":"https:\/\/charmafrica.org\/#organization"},"potentialAction":[{"@type":"SearchAction","target":{"@type":"EntryPoint","urlTemplate":"https:\/\/charmafrica.org\/?s={search_term_string}"},"query-input":{"@type":"PropertyValueSpecification","valueRequired":true,"valueName":"search_term_string"}}],"inLanguage":"fr-FR"},{"@type":"Organization","@id":"https:\/\/charmafrica.org\/#organization","name":"CHARME","url":"https:\/\/charmafrica.org\/","logo":{"@type":"ImageObject","inLanguage":"fr-FR","@id":"https:\/\/charmafrica.org\/#\/schema\/logo\/image\/","url":"http:\/\/charmafrica.org\/wp-content\/uploads\/2024\/06\/WHITE-PNG-1-e1717590262194.png","contentUrl":"http:\/\/charmafrica.org\/wp-content\/uploads\/2024\/06\/WHITE-PNG-1-e1717590262194.png","width":962,"height":249,"caption":"CHARM"},"image":{"@id":"https:\/\/charmafrica.org\/#\/schema\/logo\/image\/"}},{"@type":"Person","@id":"https:\/\/charmafrica.org\/#\/schema\/person\/1dc580f7a089fcb2dac052b771752209","name":"Joyce Njeri Kimani","image":{"@type":"ImageObject","inLanguage":"fr-FR","@id":"https:\/\/secure.gravatar.com\/avatar\/a4a838e8e22876434d71fa3977efc1568e5e1d4d5ae44c5a2b342763a746cf5d?s=96&d=mm&r=g","url":"https:\/\/secure.gravatar.com\/avatar\/a4a838e8e22876434d71fa3977efc1568e5e1d4d5ae44c5a2b342763a746cf5d?s=96&d=mm&r=g","contentUrl":"https:\/\/secure.gravatar.com\/avatar\/a4a838e8e22876434d71fa3977efc1568e5e1d4d5ae44c5a2b342763a746cf5d?s=96&d=mm&r=g","caption":"Joyce Njeri Kimani"},"url":"https:\/\/charmafrica.org\/fr\/author\/joycek\/"}]}},"_links":{"self":[{"href":"https:\/\/charmafrica.org\/fr\/wp-json\/wp\/v2\/posts\/1596","targetHints":{"allow":["GET"]}}],"collection":[{"href":"https:\/\/charmafrica.org\/fr\/wp-json\/wp\/v2\/posts"}],"about":[{"href":"https:\/\/charmafrica.org\/fr\/wp-json\/wp\/v2\/types\/post"}],"author":[{"embeddable":true,"href":"https:\/\/charmafrica.org\/fr\/wp-json\/wp\/v2\/users\/3"}],"replies":[{"embeddable":true,"href":"https:\/\/charmafrica.org\/fr\/wp-json\/wp\/v2\/comments?post=1596"}],"version-history":[{"count":1,"href":"https:\/\/charmafrica.org\/fr\/wp-json\/wp\/v2\/posts\/1596\/revisions"}],"predecessor-version":[{"id":1601,"href":"https:\/\/charmafrica.org\/fr\/wp-json\/wp\/v2\/posts\/1596\/revisions\/1601"}],"wp:attachment":[{"href":"https:\/\/charmafrica.org\/fr\/wp-json\/wp\/v2\/media?parent=1596"}],"wp:term":[{"taxonomy":"category","embeddable":true,"href":"https:\/\/charmafrica.org\/fr\/wp-json\/wp\/v2\/categories?post=1596"},{"taxonomy":"post_tag","embeddable":true,"href":"https:\/\/charmafrica.org\/fr\/wp-json\/wp\/v2\/tags?post=1596"}],"curies":[{"name":"wp","href":"https:\/\/api.w.org\/{rel}","templated":true}]}}