{"id":1585,"date":"2025-07-11T09:29:26","date_gmt":"2025-07-11T09:29:26","guid":{"rendered":"https:\/\/charmafrica.org\/?p=1585"},"modified":"2025-07-11T09:29:29","modified_gmt":"2025-07-11T09:29:29","slug":"charm-statement-on-rising-threats-to-civic-space-and-media-freedom-in-africa","status":"publish","type":"post","link":"https:\/\/charmafrica.org\/fr\/charm-statement-on-rising-threats-to-civic-space-and-media-freedom-in-africa\/","title":{"rendered":"D\u00c9CLARATION DE CHARM SUR LES MENACES CROISSANTES QUI PENSENT \u00c0 L&#039;ESPACE CIVIQUE ET \u00c0 LA LIBERT\u00c9 DES M\u00c9DIAS EN AFRIQUE"},"content":{"rendered":"<div data-wp-interactive=\"core\/file\" class=\"wp-block-file\"><object data-wp-bind--hidden=\"!state.hasPdfPreview\" hidden class=\"wp-block-file__embed\" data=\"https:\/\/charmafrica.org\/wp-content\/uploads\/2025\/07\/CHARM-JOINT-STATEMENT-.pdf\" type=\"application\/pdf\" style=\"width:100%;height:600px\" aria-label=\"Contenu embarqu\u00e9 CHARM - D\u00c9CLARATION CONJOINTE.\"><\/object><a id=\"wp-block-file--media-e6af3070-9684-4c9f-9ff4-c0298edb3d37\" href=\"https:\/\/charmafrica.org\/wp-content\/uploads\/2025\/07\/CHARM-JOINT-STATEMENT-.pdf\">CHARME \u2013 D\u00c9CLARATION COMMUNE<\/a><a href=\"https:\/\/charmafrica.org\/wp-content\/uploads\/2025\/07\/CHARM-JOINT-STATEMENT-.pdf\" class=\"wp-block-file__button wp-element-button\" download aria-describedby=\"wp-block-file--media-e6af3070-9684-4c9f-9ff4-c0298edb3d37\">T\u00e9l\u00e9charger<\/a><\/div>","protected":false},"excerpt":{"rendered":"","protected":false},"author":3,"featured_media":0,"comment_status":"closed","ping_status":"closed","sticky":false,"template":"","format":"standard","meta":{"footnotes":""},"categories":[1],"tags":[],"class_list":["post-1585","post","type-post","status-publish","format-standard","hentry","category-uncategorized"],"yoast_head":"<!-- This site is optimized with the Yoast SEO plugin v27.5 - https:\/\/yoast.com\/product\/yoast-seo-wordpress\/ -->\n<title>CHARM STATEMENT ON RISING THREATS TO CIVIC SPACE AND MEDIA FREEDOM IN AFRICA - CHARM<\/title>\n<meta name=\"robots\" content=\"index, follow, max-snippet:-1, max-image-preview:large, max-video-preview:-1\" \/>\n<link rel=\"canonical\" href=\"https:\/\/charmafrica.org\/fr\/charm-statement-on-rising-threats-to-civic-space-and-media-freedom-in-africa\/\" \/>\n<meta property=\"og:locale\" content=\"fr_FR\" \/>\n<meta property=\"og:type\" content=\"article\" \/>\n<meta property=\"og:title\" content=\"CHARM STATEMENT ON RISING THREATS TO CIVIC SPACE AND MEDIA FREEDOM IN AFRICA - CHARM\" \/>\n<meta property=\"og:url\" content=\"https:\/\/charmafrica.org\/fr\/charm-statement-on-rising-threats-to-civic-space-and-media-freedom-in-africa\/\" \/>\n<meta property=\"og:site_name\" content=\"CHARM\" \/>\n<meta property=\"article:published_time\" content=\"2025-07-11T09:29:26+00:00\" \/>\n<meta property=\"article:modified_time\" content=\"2025-07-11T09:29:29+00:00\" \/>\n<meta name=\"author\" content=\"Joyce Njeri Kimani\" \/>\n<meta name=\"twitter:card\" content=\"summary_large_image\" \/>\n<meta name=\"twitter:label1\" content=\"\u00c9crit par\" \/>\n\t<meta name=\"twitter:data1\" content=\"Joyce Njeri Kimani\" \/>\n\t<meta name=\"twitter:label2\" content=\"Dur\u00e9e de lecture estim\u00e9e\" \/>\n\t<meta name=\"twitter:data2\" content=\"1 minute\" \/>\n<script type=\"application\/ld+json\" class=\"yoast-schema-graph\">{\"@context\":\"https:\\\/\\\/schema.org\",\"@graph\":[{\"@type\":\"Article\",\"@id\":\"https:\\\/\\\/charmafrica.org\\\/charm-statement-on-rising-threats-to-civic-space-and-media-freedom-in-africa\\\/#article\",\"isPartOf\":{\"@id\":\"https:\\\/\\\/charmafrica.org\\\/charm-statement-on-rising-threats-to-civic-space-and-media-freedom-in-africa\\\/\"},\"author\":{\"name\":\"Joyce Njeri Kimani\",\"@id\":\"https:\\\/\\\/charmafrica.org\\\/#\\\/schema\\\/person\\\/1dc580f7a089fcb2dac052b771752209\"},\"headline\":\"CHARM STATEMENT ON RISING THREATS TO CIVIC SPACE AND MEDIA FREEDOM IN AFRICA\",\"datePublished\":\"2025-07-11T09:29:26+00:00\",\"dateModified\":\"2025-07-11T09:29:29+00:00\",\"mainEntityOfPage\":{\"@id\":\"https:\\\/\\\/charmafrica.org\\\/charm-statement-on-rising-threats-to-civic-space-and-media-freedom-in-africa\\\/\"},\"wordCount\":18,\"publisher\":{\"@id\":\"https:\\\/\\\/charmafrica.org\\\/#organization\"},\"articleSection\":[\"Uncategorized\"],\"inLanguage\":\"fr-FR\"},{\"@type\":\"WebPage\",\"@id\":\"https:\\\/\\\/charmafrica.org\\\/charm-statement-on-rising-threats-to-civic-space-and-media-freedom-in-africa\\\/\",\"url\":\"https:\\\/\\\/charmafrica.org\\\/charm-statement-on-rising-threats-to-civic-space-and-media-freedom-in-africa\\\/\",\"name\":\"CHARM STATEMENT ON RISING THREATS TO CIVIC SPACE AND MEDIA FREEDOM IN AFRICA - CHARM\",\"isPartOf\":{\"@id\":\"https:\\\/\\\/charmafrica.org\\\/#website\"},\"datePublished\":\"2025-07-11T09:29:26+00:00\",\"dateModified\":\"2025-07-11T09:29:29+00:00\",\"breadcrumb\":{\"@id\":\"https:\\\/\\\/charmafrica.org\\\/charm-statement-on-rising-threats-to-civic-space-and-media-freedom-in-africa\\\/#breadcrumb\"},\"inLanguage\":\"fr-FR\",\"potentialAction\":[{\"@type\":\"ReadAction\",\"target\":[\"https:\\\/\\\/charmafrica.org\\\/charm-statement-on-rising-threats-to-civic-space-and-media-freedom-in-africa\\\/\"]}]},{\"@type\":\"BreadcrumbList\",\"@id\":\"https:\\\/\\\/charmafrica.org\\\/charm-statement-on-rising-threats-to-civic-space-and-media-freedom-in-africa\\\/#breadcrumb\",\"itemListElement\":[{\"@type\":\"ListItem\",\"position\":1,\"name\":\"Home\",\"item\":\"https:\\\/\\\/charmafrica.org\\\/\"},{\"@type\":\"ListItem\",\"position\":2,\"name\":\"CHARM STATEMENT ON RISING THREATS TO CIVIC SPACE AND MEDIA FREEDOM IN AFRICA\"}]},{\"@type\":\"WebSite\",\"@id\":\"https:\\\/\\\/charmafrica.org\\\/#website\",\"url\":\"https:\\\/\\\/charmafrica.org\\\/\",\"name\":\"CHARM\",\"description\":\"The Consortium for Human Rights and Media in Sub-Saharan Africa\",\"publisher\":{\"@id\":\"https:\\\/\\\/charmafrica.org\\\/#organization\"},\"potentialAction\":[{\"@type\":\"SearchAction\",\"target\":{\"@type\":\"EntryPoint\",\"urlTemplate\":\"https:\\\/\\\/charmafrica.org\\\/?s={search_term_string}\"},\"query-input\":{\"@type\":\"PropertyValueSpecification\",\"valueRequired\":true,\"valueName\":\"search_term_string\"}}],\"inLanguage\":\"fr-FR\"},{\"@type\":\"Organization\",\"@id\":\"https:\\\/\\\/charmafrica.org\\\/#organization\",\"name\":\"CHARM\",\"url\":\"https:\\\/\\\/charmafrica.org\\\/\",\"logo\":{\"@type\":\"ImageObject\",\"inLanguage\":\"fr-FR\",\"@id\":\"https:\\\/\\\/charmafrica.org\\\/#\\\/schema\\\/logo\\\/image\\\/\",\"url\":\"http:\\\/\\\/charmafrica.org\\\/wp-content\\\/uploads\\\/2024\\\/06\\\/WHITE-PNG-1-e1717590262194.png\",\"contentUrl\":\"http:\\\/\\\/charmafrica.org\\\/wp-content\\\/uploads\\\/2024\\\/06\\\/WHITE-PNG-1-e1717590262194.png\",\"width\":962,\"height\":249,\"caption\":\"CHARM\"},\"image\":{\"@id\":\"https:\\\/\\\/charmafrica.org\\\/#\\\/schema\\\/logo\\\/image\\\/\"}},{\"@type\":\"Person\",\"@id\":\"https:\\\/\\\/charmafrica.org\\\/#\\\/schema\\\/person\\\/1dc580f7a089fcb2dac052b771752209\",\"name\":\"Joyce Njeri Kimani\",\"image\":{\"@type\":\"ImageObject\",\"inLanguage\":\"fr-FR\",\"@id\":\"https:\\\/\\\/secure.gravatar.com\\\/avatar\\\/a4a838e8e22876434d71fa3977efc1568e5e1d4d5ae44c5a2b342763a746cf5d?s=96&d=mm&r=g\",\"url\":\"https:\\\/\\\/secure.gravatar.com\\\/avatar\\\/a4a838e8e22876434d71fa3977efc1568e5e1d4d5ae44c5a2b342763a746cf5d?s=96&d=mm&r=g\",\"contentUrl\":\"https:\\\/\\\/secure.gravatar.com\\\/avatar\\\/a4a838e8e22876434d71fa3977efc1568e5e1d4d5ae44c5a2b342763a746cf5d?s=96&d=mm&r=g\",\"caption\":\"Joyce Njeri Kimani\"},\"url\":\"https:\\\/\\\/charmafrica.org\\\/fr\\\/author\\\/joycek\\\/\"}]}<\/script>\n<!-- \/ Yoast SEO plugin. -->","yoast_head_json":{"title":"CHARM STATEMENT ON RISING THREATS TO CIVIC SPACE AND MEDIA FREEDOM IN AFRICA - CHARM","robots":{"index":"index","follow":"follow","max-snippet":"max-snippet:-1","max-image-preview":"max-image-preview:large","max-video-preview":"max-video-preview:-1"},"canonical":"https:\/\/charmafrica.org\/fr\/charm-statement-on-rising-threats-to-civic-space-and-media-freedom-in-africa\/","og_locale":"fr_FR","og_type":"article","og_title":"CHARM STATEMENT ON RISING THREATS TO CIVIC SPACE AND MEDIA FREEDOM IN AFRICA - CHARM","og_url":"https:\/\/charmafrica.org\/fr\/charm-statement-on-rising-threats-to-civic-space-and-media-freedom-in-africa\/","og_site_name":"CHARM","article_published_time":"2025-07-11T09:29:26+00:00","article_modified_time":"2025-07-11T09:29:29+00:00","author":"Joyce Njeri Kimani","twitter_card":"summary_large_image","twitter_misc":{"\u00c9crit par":"Joyce Njeri Kimani","Dur\u00e9e de lecture estim\u00e9e":"1 minute"},"schema":{"@context":"https:\/\/schema.org","@graph":[{"@type":"Article","@id":"https:\/\/charmafrica.org\/charm-statement-on-rising-threats-to-civic-space-and-media-freedom-in-africa\/#article","isPartOf":{"@id":"https:\/\/charmafrica.org\/charm-statement-on-rising-threats-to-civic-space-and-media-freedom-in-africa\/"},"author":{"name":"Joyce Njeri Kimani","@id":"https:\/\/charmafrica.org\/#\/schema\/person\/1dc580f7a089fcb2dac052b771752209"},"headline":"CHARM STATEMENT ON RISING THREATS TO CIVIC SPACE AND MEDIA FREEDOM IN AFRICA","datePublished":"2025-07-11T09:29:26+00:00","dateModified":"2025-07-11T09:29:29+00:00","mainEntityOfPage":{"@id":"https:\/\/charmafrica.org\/charm-statement-on-rising-threats-to-civic-space-and-media-freedom-in-africa\/"},"wordCount":18,"publisher":{"@id":"https:\/\/charmafrica.org\/#organization"},"articleSection":["Uncategorized"],"inLanguage":"fr-FR"},{"@type":"WebPage","@id":"https:\/\/charmafrica.org\/charm-statement-on-rising-threats-to-civic-space-and-media-freedom-in-africa\/","url":"https:\/\/charmafrica.org\/charm-statement-on-rising-threats-to-civic-space-and-media-freedom-in-africa\/","name":"CHARM STATEMENT ON RISING THREATS TO CIVIC SPACE AND MEDIA FREEDOM IN AFRICA - CHARM","isPartOf":{"@id":"https:\/\/charmafrica.org\/#website"},"datePublished":"2025-07-11T09:29:26+00:00","dateModified":"2025-07-11T09:29:29+00:00","breadcrumb":{"@id":"https:\/\/charmafrica.org\/charm-statement-on-rising-threats-to-civic-space-and-media-freedom-in-africa\/#breadcrumb"},"inLanguage":"fr-FR","potentialAction":[{"@type":"ReadAction","target":["https:\/\/charmafrica.org\/charm-statement-on-rising-threats-to-civic-space-and-media-freedom-in-africa\/"]}]},{"@type":"BreadcrumbList","@id":"https:\/\/charmafrica.org\/charm-statement-on-rising-threats-to-civic-space-and-media-freedom-in-africa\/#breadcrumb","itemListElement":[{"@type":"ListItem","position":1,"name":"Home","item":"https:\/\/charmafrica.org\/"},{"@type":"ListItem","position":2,"name":"CHARM STATEMENT ON RISING THREATS TO CIVIC SPACE AND MEDIA FREEDOM IN AFRICA"}]},{"@type":"WebSite","@id":"https:\/\/charmafrica.org\/#website","url":"https:\/\/charmafrica.org\/","name":"CHARME","description":"Le Consortium pour les droits de l&#039;homme et les m\u00e9dias en Afrique subsaharienne","publisher":{"@id":"https:\/\/charmafrica.org\/#organization"},"potentialAction":[{"@type":"SearchAction","target":{"@type":"EntryPoint","urlTemplate":"https:\/\/charmafrica.org\/?s={search_term_string}"},"query-input":{"@type":"PropertyValueSpecification","valueRequired":true,"valueName":"search_term_string"}}],"inLanguage":"fr-FR"},{"@type":"Organization","@id":"https:\/\/charmafrica.org\/#organization","name":"CHARME","url":"https:\/\/charmafrica.org\/","logo":{"@type":"ImageObject","inLanguage":"fr-FR","@id":"https:\/\/charmafrica.org\/#\/schema\/logo\/image\/","url":"http:\/\/charmafrica.org\/wp-content\/uploads\/2024\/06\/WHITE-PNG-1-e1717590262194.png","contentUrl":"http:\/\/charmafrica.org\/wp-content\/uploads\/2024\/06\/WHITE-PNG-1-e1717590262194.png","width":962,"height":249,"caption":"CHARM"},"image":{"@id":"https:\/\/charmafrica.org\/#\/schema\/logo\/image\/"}},{"@type":"Person","@id":"https:\/\/charmafrica.org\/#\/schema\/person\/1dc580f7a089fcb2dac052b771752209","name":"Joyce Njeri Kimani","image":{"@type":"ImageObject","inLanguage":"fr-FR","@id":"https:\/\/secure.gravatar.com\/avatar\/a4a838e8e22876434d71fa3977efc1568e5e1d4d5ae44c5a2b342763a746cf5d?s=96&d=mm&r=g","url":"https:\/\/secure.gravatar.com\/avatar\/a4a838e8e22876434d71fa3977efc1568e5e1d4d5ae44c5a2b342763a746cf5d?s=96&d=mm&r=g","contentUrl":"https:\/\/secure.gravatar.com\/avatar\/a4a838e8e22876434d71fa3977efc1568e5e1d4d5ae44c5a2b342763a746cf5d?s=96&d=mm&r=g","caption":"Joyce Njeri Kimani"},"url":"https:\/\/charmafrica.org\/fr\/author\/joycek\/"}]}},"_links":{"self":[{"href":"https:\/\/charmafrica.org\/fr\/wp-json\/wp\/v2\/posts\/1585","targetHints":{"allow":["GET"]}}],"collection":[{"href":"https:\/\/charmafrica.org\/fr\/wp-json\/wp\/v2\/posts"}],"about":[{"href":"https:\/\/charmafrica.org\/fr\/wp-json\/wp\/v2\/types\/post"}],"author":[{"embeddable":true,"href":"https:\/\/charmafrica.org\/fr\/wp-json\/wp\/v2\/users\/3"}],"replies":[{"embeddable":true,"href":"https:\/\/charmafrica.org\/fr\/wp-json\/wp\/v2\/comments?post=1585"}],"version-history":[{"count":3,"href":"https:\/\/charmafrica.org\/fr\/wp-json\/wp\/v2\/posts\/1585\/revisions"}],"predecessor-version":[{"id":1589,"href":"https:\/\/charmafrica.org\/fr\/wp-json\/wp\/v2\/posts\/1585\/revisions\/1589"}],"wp:attachment":[{"href":"https:\/\/charmafrica.org\/fr\/wp-json\/wp\/v2\/media?parent=1585"}],"wp:term":[{"taxonomy":"category","embeddable":true,"href":"https:\/\/charmafrica.org\/fr\/wp-json\/wp\/v2\/categories?post=1585"},{"taxonomy":"post_tag","embeddable":true,"href":"https:\/\/charmafrica.org\/fr\/wp-json\/wp\/v2\/tags?post=1585"}],"curies":[{"name":"wp","href":"https:\/\/api.w.org\/{rel}","templated":true}]}}