{"id":1443,"date":"2025-01-30T09:55:34","date_gmt":"2025-01-30T09:55:34","guid":{"rendered":"http:\/\/charmafrica.org\/?p=1443"},"modified":"2025-01-30T10:35:16","modified_gmt":"2025-01-30T10:35:16","slug":"the-birth-of-ukweli-coalition-media-hub-a-new-dawn-for-journalism-in-the-great-lakes-region","status":"publish","type":"post","link":"https:\/\/charmafrica.org\/fr\/the-birth-of-ukweli-coalition-media-hub-a-new-dawn-for-journalism-in-the-great-lakes-region\/","title":{"rendered":"Naissance du Ukweli Coalition Media Hub : une nouvelle \u00e8re pour le journalisme dans la r\u00e9gion des Grands Lacs"},"content":{"rendered":"<div data-elementor-type=\"wp-post\" data-elementor-id=\"1443\" class=\"elementor elementor-1443\" data-elementor-post-type=\"post\">\n\t\t\t\t<div class=\"elementor-element elementor-element-4799e953 e-flex e-con-boxed e-con e-parent\" data-id=\"4799e953\" data-element_type=\"container\" data-e-type=\"container\">\n\t\t\t\t\t<div class=\"e-con-inner\">\n\t\t\t\t<div class=\"elementor-element elementor-element-583ac0b0 elementor-widget elementor-widget-text-editor\" data-id=\"583ac0b0\" data-element_type=\"widget\" data-e-type=\"widget\" data-widget_type=\"text-editor.default\">\n\t\t\t\t<div class=\"elementor-widget-container\">\n\t\t\t\t\t\t\t\t\t\n<figure class=\"wp-block-image size-large\"><img fetchpriority=\"high\" decoding=\"async\" width=\"1024\" height=\"682\" src=\"http:\/\/charmafrica.org\/wp-content\/uploads\/2025\/01\/GhL9aZxW8AEY_v9-3-1024x682.jpg\" alt=\"\" class=\"wp-image-1424\" srcset=\"https:\/\/charmafrica.org\/wp-content\/uploads\/2025\/01\/GhL9aZxW8AEY_v9-3-1024x682.jpg 1024w, https:\/\/charmafrica.org\/wp-content\/uploads\/2025\/01\/GhL9aZxW8AEY_v9-3-300x200.jpg 300w, https:\/\/charmafrica.org\/wp-content\/uploads\/2025\/01\/GhL9aZxW8AEY_v9-3-768x511.jpg 768w, https:\/\/charmafrica.org\/wp-content\/uploads\/2025\/01\/GhL9aZxW8AEY_v9-3-1536x1022.jpg 1536w, https:\/\/charmafrica.org\/wp-content\/uploads\/2025\/01\/GhL9aZxW8AEY_v9-3-2048x1363.jpg 2048w, https:\/\/charmafrica.org\/wp-content\/uploads\/2025\/01\/GhL9aZxW8AEY_v9-3-18x12.jpg 18w, https:\/\/charmafrica.org\/wp-content\/uploads\/2025\/01\/GhL9aZxW8AEY_v9-3-650x433.jpg 650w\" sizes=\"(max-width: 1024px) 100vw, 1024px\" \/><figcaption class=\"wp-element-caption\">Les membres du p\u00f4le m\u00e9dia de la Coalition Ukweli posent pour une photo apr\u00e8s une formation en janvier 2025, \u00e0 Nairobi, au Kenya. La r\u00e9union visait \u00e0 renforcer les capacit\u00e9s des journalistes d&#039;investigation des pays francophones et anglophones \u00e0 utiliser des donn\u00e9es factuelles pour raconter des histoires<\/figcaption><\/figure>\n\n\n\n<p>En entrant dans la salle de conf\u00e9rence, j&#039;ai pu sentir l&#039;enthousiasme et l&#039;attente se lire sur les visages des journalistes r\u00e9unis dans la salle. Ils ont \u00e9cout\u00e9 attentivement le formateur Thomas Mukhwana, d&#039;Africa Uncensored, un m\u00e9dia kenyan, partager son exp\u00e9rience de la promotion du changement politique \u00e0 travers son article sur le viol conjugal au Kenya. La traduction simultan\u00e9e en anglais et en fran\u00e7ais incarnait le principe de \u00ab ne laisser personne de c\u00f4t\u00e9 \u00bb, car tous les journalistes pouvaient s&#039;identifier \u00e0 ce qui \u00e9tait discut\u00e9. <\/p>\n\n\n\n<p>Les journalistes faisaient partie des b\u00e9n\u00e9ficiaires de la<a> Centre des m\u00e9dias de la coalition Ukweli<\/a>, un centre qui autonomise et renforce les capacit\u00e9s des journalistes d&#039;Afrique de l&#039;Est et de la r\u00e9gion des Grands Lacs, en encourageant la collaboration crois\u00e9e<a>n histoires dans la r\u00e9gion.<\/a><\/p>\n\n\n\n<p>L\u2019aventure du hub a commenc\u00e9 en mars 2023, lors de la conf\u00e9rence de l\u2019Institut Fojo sur le \u00ab journalisme durable \u00bb \u00e0 Nairobi, au Kenya. Le fondateur du hub, Gilbert Armel Bukeyeneza, journaliste et consultant m\u00e9dia qui a fui le Burundi en 2016, a d\u00e9velopp\u00e9 le d\u00e9sir de former une nouvelle g\u00e9n\u00e9ration de journalistes apr\u00e8s avoir r\u00e9alis\u00e9 que le journalisme durable \u00e9tait largement th\u00e9orique en Afrique de l\u2019Est.<\/p>\n\n\n\n<hr class=\"wp-block-separator has-alpha-channel-opacity\"\/>\n\n\n\n<p><a id=\"_msocom_1\"><\/a><\/p>\n\n\n\n<figure class=\"wp-block-image size-full\"><img decoding=\"async\" width=\"571\" height=\"673\" src=\"http:\/\/charmafrica.org\/wp-content\/uploads\/2025\/01\/iw5gljc8.png\" alt=\"\" class=\"wp-image-1419\" srcset=\"https:\/\/charmafrica.org\/wp-content\/uploads\/2025\/01\/iw5gljc8.png 571w, https:\/\/charmafrica.org\/wp-content\/uploads\/2025\/01\/iw5gljc8-255x300.png 255w, https:\/\/charmafrica.org\/wp-content\/uploads\/2025\/01\/iw5gljc8-10x12.png 10w, https:\/\/charmafrica.org\/wp-content\/uploads\/2025\/01\/iw5gljc8-551x650.png 551w\" sizes=\"(max-width: 571px) 100vw, 571px\" \/><figcaption class=\"wp-element-caption\">Gilbert Armel Bukeyeneza, fondateur d&#039;Ukweli Coalition Media Hub lors de l&#039;interview \u00e0 Nairobi, Kenya.<\/figcaption><\/figure>\n\n\n\n<p><a id=\"_msocom_2\"><\/a><\/p>\n\n\n\n<p>\u00ab J\u2019ai toujours \u00e9t\u00e9 pr\u00e9occup\u00e9 par la fragilit\u00e9 des m\u00e9dias et du journalisme dans ma r\u00e9gion. Au Burundi, les r\u00e9dactions ferment souvent en raison des menaces s\u00e9curitaires et de nombreux journalistes abandonnent la profession en raison de la faiblesse de leurs salaires. Plus d\u2019une centaine de journalistes ont fui le Burundi il y a pr\u00e8s de dix ans apr\u00e8s la destruction des principaux m\u00e9dias priv\u00e9s du pays, et beaucoup luttent encore pour survivre en exil. Mon souhait est de m\u2019assurer qu\u2019ils puissent non seulement \u00eatre \u00e9quip\u00e9s pour \u00e9crire des articles de fond, mais aussi rester en s\u00e9curit\u00e9 pendant qu\u2019ils le font \u00bb, a d\u00e9clar\u00e9 Gilbert Armel Bukeyeneza, fondateur d\u2019Ukweli Coalition Media Hub.<\/p>\n\n\n\n<p>Il s\u2019int\u00e9resse particuli\u00e8rement \u00e0 la r\u00e9gion des Grands Lacs, \u00e0 des pays comme le Burundi, la R\u00e9publique d\u00e9mocratique du Congo (RDC) et le Rwanda, qui ont \u00e9t\u00e9 mis \u00e0 l\u2019\u00e9cart en raison de leur histoire francophone commune, contrairement \u00e0 l\u2019Afrique de l\u2019Est \u00e0 pr\u00e9dominance anglophone. \u00ab Tout au long de l\u2019histoire, leurs destins ont \u00e9t\u00e9 profond\u00e9ment li\u00e9s, souvent de mani\u00e8re tragique. L\u2019instabilit\u00e9 politique, les crises et les conflits dans un pays ont in\u00e9vitablement des r\u00e9percussions sur toute la r\u00e9gion. Les journalistes et les m\u00e9dias, pris entre deux feux, sont souvent parmi les plus vuln\u00e9rables, op\u00e9rant dans un environnement marqu\u00e9 par la volatilit\u00e9 politique, l\u2019instabilit\u00e9 \u00e9conomique et des menaces constantes pour la s\u00e9curit\u00e9. Malheureusement, cette situation pr\u00e9caire oblige la population locale \u00e0 s\u2019appuyer sur des m\u00e9dias sous-financ\u00e9s, les journalistes \u00e9tant souvent aux prises avec des d\u00e9fis \u00e9thiques et des risques personnels \u00bb, a d\u00e9clar\u00e9 Gilbert Armel Bukeyeneza, fondateur d\u2019Ukweli Coalition Media Hub.<\/p>\n\n\n\n<p>Lors de la conf\u00e9rence de l\u2019Institut Fojo, Gilbert avait un objectif : sensibiliser les gens aux conditions d\u00e9sastreuses auxquelles sont confront\u00e9s les journalistes dans la r\u00e9gion des Grands Lacs. Arm\u00e9 d\u2019histoires de d\u00e9termination, de r\u00e9silience et de courage, il a attir\u00e9 l\u2019attention et a interpell\u00e9 tous ceux qui voulaient l\u2019\u00e9couter. Sa passion a \u00e9t\u00e9 aliment\u00e9e par les journalistes qui continuent de pers\u00e9v\u00e9rer malgr\u00e9 d\u2019\u00e9normes d\u00e9fis. Il estime que leur travail est essentiel non seulement pour informer leurs communaut\u00e9s, mais aussi pour offrir une lueur d\u2019espoir dans une r\u00e9gion souvent oubli\u00e9e ou mal comprise.<\/p>\n\n\n\n<figure class=\"wp-block-image size-large\"><img decoding=\"async\" width=\"1024\" height=\"819\" src=\"http:\/\/charmafrica.org\/wp-content\/uploads\/2025\/01\/GhL9aZ2W8AIwGGx-1024x819.jpg\" alt=\"\" class=\"wp-image-1420\" srcset=\"https:\/\/charmafrica.org\/wp-content\/uploads\/2025\/01\/GhL9aZ2W8AIwGGx-1024x819.jpg 1024w, https:\/\/charmafrica.org\/wp-content\/uploads\/2025\/01\/GhL9aZ2W8AIwGGx-300x240.jpg 300w, https:\/\/charmafrica.org\/wp-content\/uploads\/2025\/01\/GhL9aZ2W8AIwGGx-768x614.jpg 768w, https:\/\/charmafrica.org\/wp-content\/uploads\/2025\/01\/GhL9aZ2W8AIwGGx-1536x1229.jpg 1536w, https:\/\/charmafrica.org\/wp-content\/uploads\/2025\/01\/GhL9aZ2W8AIwGGx-2048x1639.jpg 2048w, https:\/\/charmafrica.org\/wp-content\/uploads\/2025\/01\/GhL9aZ2W8AIwGGx-15x12.jpg 15w, https:\/\/charmafrica.org\/wp-content\/uploads\/2025\/01\/GhL9aZ2W8AIwGGx-650x520.jpg 650w\" sizes=\"(max-width: 1024px) 100vw, 1024px\" \/><figcaption class=\"wp-element-caption\">Tom Mukhwana, journaliste d&#039;investigation et v\u00e9rificateur de faits chez Africa Uncensored, guide les participants \u00e0 travers une session sur la narration de donn\u00e9es lors d&#039;une formation organis\u00e9e par le p\u00f4le m\u00e9diatique de la coalition Ukweli \u00e0 Nairobi, au Kenya.<\/figcaption><\/figure>\n\n\n\n<p>La mission d\u2019Ukweli est simple mais ambitieuse : promouvoir un journalisme de fond dans la r\u00e9gion des Grands Lacs. Avec le soutien d\u2019Africa Uncensored, un m\u00e9dia d\u2019investigation kenyan, Ukweli a pu se lancer avec une grande expertise et une grande exp\u00e9rience \u00e0 l\u2019appui de sa vision. L\u2019une des principales ambitions d\u2019Ukweli est de combler le foss\u00e9 entre la r\u00e9gion des Grands Lacs et le paysage m\u00e9diatique anglophone d\u2019Afrique de l\u2019Est.<\/p>\n\n\n\n<p>Plus tard en 2023, Bukeyeneza a eu le privil\u00e8ge d\u2019assister pour la premi\u00e8re fois \u00e0 la Conf\u00e9rence mondiale sur le journalisme d\u2019investigation \u00e0 G\u00f6teborg, en Su\u00e8de, avec le soutien de l\u2019Institut Fojo dans le cadre de CHARM. La conf\u00e9rence lui a laiss\u00e9 une impression durable, en particulier les r\u00e9ussites, la r\u00e9silience et les mod\u00e8les innovants du monde entier.<\/p>\n\n\n\n<p>\u00ab J\u2019en suis ressorti avec deux constats essentiels : la r\u00e9gion des Grands Lacs n\u2019est pas le seul endroit o\u00f9 les m\u00e9dias sont confront\u00e9s \u00e0 d\u2019\u00e9normes d\u00e9fis, et malgr\u00e9 ces d\u00e9fis, il existe un espoir pour un avenir meilleur. Je suis revenu dans la r\u00e9gion plein d\u2019espoir et d\u2019\u00e9nergie, pr\u00eat \u00e0 aller de l\u2019avant avec la vision d\u2019Ukweli. D\u00e9but 2024, Ukweli Coalition Media Hub a conclu son premier partenariat financier avec la Fondation Roi Baudouin, une \u00e9tape cruciale qui a consolid\u00e9 notre place dans l\u2019ar\u00e8ne m\u00e9diatique r\u00e9gionale \u00bb, a d\u00e9clar\u00e9 Gilbert Armel Bukeyeneza, fondateur d\u2019Ukweli Coalition Media Hub.<\/p>\n\n\n\n<figure class=\"wp-block-image size-large\"><img loading=\"lazy\" decoding=\"async\" width=\"1024\" height=\"577\" src=\"http:\/\/charmafrica.org\/wp-content\/uploads\/2025\/01\/GUcVyKOW0AAEYpi-1024x577.jpg\" alt=\"\" class=\"wp-image-1421\" srcset=\"https:\/\/charmafrica.org\/wp-content\/uploads\/2025\/01\/GUcVyKOW0AAEYpi-1024x577.jpg 1024w, https:\/\/charmafrica.org\/wp-content\/uploads\/2025\/01\/GUcVyKOW0AAEYpi-300x169.jpg 300w, https:\/\/charmafrica.org\/wp-content\/uploads\/2025\/01\/GUcVyKOW0AAEYpi-768x432.jpg 768w, https:\/\/charmafrica.org\/wp-content\/uploads\/2025\/01\/GUcVyKOW0AAEYpi-1536x865.jpg 1536w, https:\/\/charmafrica.org\/wp-content\/uploads\/2025\/01\/GUcVyKOW0AAEYpi-18x10.jpg 18w, https:\/\/charmafrica.org\/wp-content\/uploads\/2025\/01\/GUcVyKOW0AAEYpi-650x366.jpg 650w, https:\/\/charmafrica.org\/wp-content\/uploads\/2025\/01\/GUcVyKOW0AAEYpi.jpg 1600w\" sizes=\"(max-width: 1024px) 100vw, 1024px\" \/><figcaption class=\"wp-element-caption\">John Allan Namu, cofondateur d&#039;Africa Uncensored, fait partie des personnes cl\u00e9s \u00e0 l&#039;origine de la cr\u00e9ation de l&#039;Ukweli Coalition Media Hub <\/figcaption><\/figure>\n\n\n\n<p>Il estime que les progr\u00e8s d&#039;Ukweli n&#039;auraient pas \u00e9t\u00e9 possibles sans le soutien de personnes qui ont cru en sa mission d\u00e8s le d\u00e9but, notamment SIDA, l&#039;Institut Fojo, Maxime Domegni, r\u00e9dacteur en chef fran\u00e7ais de GIJN, et John Allan Namu, le fondateur d&#039;Africa Uncensored, pour leur plaidoyer et leur soutien ind\u00e9fectibles.<\/p>\n\n\n\n<p>\u00ab Les progr\u00e8s r\u00e9alis\u00e9s par Ukweli Coalition Media Hub depuis sa cr\u00e9ation t\u00e9moignent du pouvoir de la pers\u00e9v\u00e9rance, de la collaboration et de la croyance dans le potentiel transformateur du journalisme. Notre travail ne fait que commencer, mais l\u2019avenir semble prometteur pour le journalisme dans la r\u00e9gion des Grands Lacs \u00bb, a d\u00e9clar\u00e9 Gilbert Armel Bukeyeneza, fondateur d\u2019Ukweli Coalition Media Hub.<\/p>\n\n\n\n<p><\/p>\n\t\t\t\t\t\t\t\t<\/div>\n\t\t\t\t<\/div>\n\t\t\t\t\t<\/div>\n\t\t\t\t<\/div>\n\t\t\t\t<\/div>","protected":false},"excerpt":{"rendered":"<p>As I walked into the conference hall, I could feel the aura of excitement and the expectation visible on the journalists\u2019 faces [&hellip;]<\/p>\n","protected":false},"author":2,"featured_media":0,"comment_status":"closed","ping_status":"closed","sticky":false,"template":"","format":"standard","meta":{"footnotes":""},"categories":[14],"tags":[],"class_list":["post-1443","post","type-post","status-publish","format-standard","hentry","category-voices-of-change"],"yoast_head":"<!-- This site is optimized with the Yoast SEO plugin v27.5 - https:\/\/yoast.com\/product\/yoast-seo-wordpress\/ -->\n<title>The Birth of Ukweli Coalition Media Hub: A New Dawn for Journalism in the Great Lakes Region - CHARM<\/title>\n<meta name=\"robots\" content=\"index, follow, max-snippet:-1, max-image-preview:large, max-video-preview:-1\" \/>\n<link rel=\"canonical\" href=\"https:\/\/charmafrica.org\/fr\/the-birth-of-ukweli-coalition-media-hub-a-new-dawn-for-journalism-in-the-great-lakes-region\/\" \/>\n<meta property=\"og:locale\" content=\"fr_FR\" \/>\n<meta property=\"og:type\" content=\"article\" \/>\n<meta property=\"og:title\" content=\"The Birth of Ukweli Coalition Media Hub: A New Dawn for Journalism in the Great Lakes Region - CHARM\" \/>\n<meta property=\"og:description\" content=\"As I walked into the conference hall, I could feel the aura of excitement and the expectation visible on the journalists\u2019 faces [&hellip;]\" \/>\n<meta property=\"og:url\" content=\"https:\/\/charmafrica.org\/fr\/the-birth-of-ukweli-coalition-media-hub-a-new-dawn-for-journalism-in-the-great-lakes-region\/\" \/>\n<meta property=\"og:site_name\" content=\"CHARM\" \/>\n<meta property=\"article:published_time\" content=\"2025-01-30T09:55:34+00:00\" \/>\n<meta property=\"article:modified_time\" content=\"2025-01-30T10:35:16+00:00\" \/>\n<meta property=\"og:image\" content=\"http:\/\/charmafrica.org\/wp-content\/uploads\/2025\/01\/GhL9aZxW8AEY_v9-3-1024x682.jpg\" \/>\n<meta name=\"author\" content=\"charm_admin1\" \/>\n<meta name=\"twitter:card\" content=\"summary_large_image\" \/>\n<meta name=\"twitter:label1\" content=\"\u00c9crit par\" \/>\n\t<meta name=\"twitter:data1\" content=\"charm_admin1\" \/>\n\t<meta name=\"twitter:label2\" content=\"Dur\u00e9e de lecture estim\u00e9e\" \/>\n\t<meta name=\"twitter:data2\" content=\"5 minutes\" \/>\n<script type=\"application\/ld+json\" class=\"yoast-schema-graph\">{\"@context\":\"https:\\\/\\\/schema.org\",\"@graph\":[{\"@type\":\"Article\",\"@id\":\"https:\\\/\\\/charmafrica.org\\\/the-birth-of-ukweli-coalition-media-hub-a-new-dawn-for-journalism-in-the-great-lakes-region\\\/#article\",\"isPartOf\":{\"@id\":\"https:\\\/\\\/charmafrica.org\\\/the-birth-of-ukweli-coalition-media-hub-a-new-dawn-for-journalism-in-the-great-lakes-region\\\/\"},\"author\":{\"name\":\"charm_admin1\",\"@id\":\"https:\\\/\\\/charmafrica.org\\\/#\\\/schema\\\/person\\\/0b3b343b91a3e2a877b1d13218b05c01\"},\"headline\":\"The Birth of Ukweli Coalition Media Hub: A New Dawn for Journalism in the Great Lakes Region\",\"datePublished\":\"2025-01-30T09:55:34+00:00\",\"dateModified\":\"2025-01-30T10:35:16+00:00\",\"mainEntityOfPage\":{\"@id\":\"https:\\\/\\\/charmafrica.org\\\/the-birth-of-ukweli-coalition-media-hub-a-new-dawn-for-journalism-in-the-great-lakes-region\\\/\"},\"wordCount\":909,\"publisher\":{\"@id\":\"https:\\\/\\\/charmafrica.org\\\/#organization\"},\"image\":{\"@id\":\"https:\\\/\\\/charmafrica.org\\\/the-birth-of-ukweli-coalition-media-hub-a-new-dawn-for-journalism-in-the-great-lakes-region\\\/#primaryimage\"},\"thumbnailUrl\":\"http:\\\/\\\/charmafrica.org\\\/wp-content\\\/uploads\\\/2025\\\/01\\\/GhL9aZxW8AEY_v9-3-1024x682.jpg\",\"articleSection\":[\"http:\\\/\\\/charmafrica.org\\\/home\\\/voices-of-change\\\/\"],\"inLanguage\":\"fr-FR\"},{\"@type\":\"WebPage\",\"@id\":\"https:\\\/\\\/charmafrica.org\\\/the-birth-of-ukweli-coalition-media-hub-a-new-dawn-for-journalism-in-the-great-lakes-region\\\/\",\"url\":\"https:\\\/\\\/charmafrica.org\\\/the-birth-of-ukweli-coalition-media-hub-a-new-dawn-for-journalism-in-the-great-lakes-region\\\/\",\"name\":\"The Birth of Ukweli Coalition Media Hub: A New Dawn for Journalism in the Great Lakes Region - CHARM\",\"isPartOf\":{\"@id\":\"https:\\\/\\\/charmafrica.org\\\/#website\"},\"primaryImageOfPage\":{\"@id\":\"https:\\\/\\\/charmafrica.org\\\/the-birth-of-ukweli-coalition-media-hub-a-new-dawn-for-journalism-in-the-great-lakes-region\\\/#primaryimage\"},\"image\":{\"@id\":\"https:\\\/\\\/charmafrica.org\\\/the-birth-of-ukweli-coalition-media-hub-a-new-dawn-for-journalism-in-the-great-lakes-region\\\/#primaryimage\"},\"thumbnailUrl\":\"http:\\\/\\\/charmafrica.org\\\/wp-content\\\/uploads\\\/2025\\\/01\\\/GhL9aZxW8AEY_v9-3-1024x682.jpg\",\"datePublished\":\"2025-01-30T09:55:34+00:00\",\"dateModified\":\"2025-01-30T10:35:16+00:00\",\"breadcrumb\":{\"@id\":\"https:\\\/\\\/charmafrica.org\\\/the-birth-of-ukweli-coalition-media-hub-a-new-dawn-for-journalism-in-the-great-lakes-region\\\/#breadcrumb\"},\"inLanguage\":\"fr-FR\",\"potentialAction\":[{\"@type\":\"ReadAction\",\"target\":[\"https:\\\/\\\/charmafrica.org\\\/the-birth-of-ukweli-coalition-media-hub-a-new-dawn-for-journalism-in-the-great-lakes-region\\\/\"]}]},{\"@type\":\"ImageObject\",\"inLanguage\":\"fr-FR\",\"@id\":\"https:\\\/\\\/charmafrica.org\\\/the-birth-of-ukweli-coalition-media-hub-a-new-dawn-for-journalism-in-the-great-lakes-region\\\/#primaryimage\",\"url\":\"http:\\\/\\\/charmafrica.org\\\/wp-content\\\/uploads\\\/2025\\\/01\\\/GhL9aZxW8AEY_v9-3-1024x682.jpg\",\"contentUrl\":\"http:\\\/\\\/charmafrica.org\\\/wp-content\\\/uploads\\\/2025\\\/01\\\/GhL9aZxW8AEY_v9-3-1024x682.jpg\"},{\"@type\":\"BreadcrumbList\",\"@id\":\"https:\\\/\\\/charmafrica.org\\\/the-birth-of-ukweli-coalition-media-hub-a-new-dawn-for-journalism-in-the-great-lakes-region\\\/#breadcrumb\",\"itemListElement\":[{\"@type\":\"ListItem\",\"position\":1,\"name\":\"Home\",\"item\":\"https:\\\/\\\/charmafrica.org\\\/\"},{\"@type\":\"ListItem\",\"position\":2,\"name\":\"The Birth of Ukweli Coalition Media Hub: A New Dawn for Journalism in the Great Lakes Region\"}]},{\"@type\":\"WebSite\",\"@id\":\"https:\\\/\\\/charmafrica.org\\\/#website\",\"url\":\"https:\\\/\\\/charmafrica.org\\\/\",\"name\":\"CHARM\",\"description\":\"The Consortium for Human Rights and Media in Sub-Saharan Africa\",\"publisher\":{\"@id\":\"https:\\\/\\\/charmafrica.org\\\/#organization\"},\"potentialAction\":[{\"@type\":\"SearchAction\",\"target\":{\"@type\":\"EntryPoint\",\"urlTemplate\":\"https:\\\/\\\/charmafrica.org\\\/?s={search_term_string}\"},\"query-input\":{\"@type\":\"PropertyValueSpecification\",\"valueRequired\":true,\"valueName\":\"search_term_string\"}}],\"inLanguage\":\"fr-FR\"},{\"@type\":\"Organization\",\"@id\":\"https:\\\/\\\/charmafrica.org\\\/#organization\",\"name\":\"CHARM\",\"url\":\"https:\\\/\\\/charmafrica.org\\\/\",\"logo\":{\"@type\":\"ImageObject\",\"inLanguage\":\"fr-FR\",\"@id\":\"https:\\\/\\\/charmafrica.org\\\/#\\\/schema\\\/logo\\\/image\\\/\",\"url\":\"http:\\\/\\\/charmafrica.org\\\/wp-content\\\/uploads\\\/2024\\\/06\\\/WHITE-PNG-1-e1717590262194.png\",\"contentUrl\":\"http:\\\/\\\/charmafrica.org\\\/wp-content\\\/uploads\\\/2024\\\/06\\\/WHITE-PNG-1-e1717590262194.png\",\"width\":962,\"height\":249,\"caption\":\"CHARM\"},\"image\":{\"@id\":\"https:\\\/\\\/charmafrica.org\\\/#\\\/schema\\\/logo\\\/image\\\/\"}},{\"@type\":\"Person\",\"@id\":\"https:\\\/\\\/charmafrica.org\\\/#\\\/schema\\\/person\\\/0b3b343b91a3e2a877b1d13218b05c01\",\"name\":\"charm_admin1\",\"image\":{\"@type\":\"ImageObject\",\"inLanguage\":\"fr-FR\",\"@id\":\"https:\\\/\\\/secure.gravatar.com\\\/avatar\\\/d959c434176dcd7f377e9672f6bb17efe366db3900724a39d8880363f147ece7?s=96&d=mm&r=g\",\"url\":\"https:\\\/\\\/secure.gravatar.com\\\/avatar\\\/d959c434176dcd7f377e9672f6bb17efe366db3900724a39d8880363f147ece7?s=96&d=mm&r=g\",\"contentUrl\":\"https:\\\/\\\/secure.gravatar.com\\\/avatar\\\/d959c434176dcd7f377e9672f6bb17efe366db3900724a39d8880363f147ece7?s=96&d=mm&r=g\",\"caption\":\"charm_admin1\"},\"url\":\"https:\\\/\\\/charmafrica.org\\\/fr\\\/author\\\/charm_admin1\\\/\"}]}<\/script>\n<!-- \/ Yoast SEO plugin. -->","yoast_head_json":{"title":"The Birth of Ukweli Coalition Media Hub: A New Dawn for Journalism in the Great Lakes Region - CHARM","robots":{"index":"index","follow":"follow","max-snippet":"max-snippet:-1","max-image-preview":"max-image-preview:large","max-video-preview":"max-video-preview:-1"},"canonical":"https:\/\/charmafrica.org\/fr\/the-birth-of-ukweli-coalition-media-hub-a-new-dawn-for-journalism-in-the-great-lakes-region\/","og_locale":"fr_FR","og_type":"article","og_title":"The Birth of Ukweli Coalition Media Hub: A New Dawn for Journalism in the Great Lakes Region - CHARM","og_description":"As I walked into the conference hall, I could feel the aura of excitement and the expectation visible on the journalists\u2019 faces [&hellip;]","og_url":"https:\/\/charmafrica.org\/fr\/the-birth-of-ukweli-coalition-media-hub-a-new-dawn-for-journalism-in-the-great-lakes-region\/","og_site_name":"CHARM","article_published_time":"2025-01-30T09:55:34+00:00","article_modified_time":"2025-01-30T10:35:16+00:00","og_image":[{"url":"http:\/\/charmafrica.org\/wp-content\/uploads\/2025\/01\/GhL9aZxW8AEY_v9-3-1024x682.jpg","type":"","width":"","height":""}],"author":"charm_admin1","twitter_card":"summary_large_image","twitter_misc":{"\u00c9crit par":"charm_admin1","Dur\u00e9e de lecture estim\u00e9e":"5 minutes"},"schema":{"@context":"https:\/\/schema.org","@graph":[{"@type":"Article","@id":"https:\/\/charmafrica.org\/the-birth-of-ukweli-coalition-media-hub-a-new-dawn-for-journalism-in-the-great-lakes-region\/#article","isPartOf":{"@id":"https:\/\/charmafrica.org\/the-birth-of-ukweli-coalition-media-hub-a-new-dawn-for-journalism-in-the-great-lakes-region\/"},"author":{"name":"charm_admin1","@id":"https:\/\/charmafrica.org\/#\/schema\/person\/0b3b343b91a3e2a877b1d13218b05c01"},"headline":"The Birth of Ukweli Coalition Media Hub: A New Dawn for Journalism in the Great Lakes Region","datePublished":"2025-01-30T09:55:34+00:00","dateModified":"2025-01-30T10:35:16+00:00","mainEntityOfPage":{"@id":"https:\/\/charmafrica.org\/the-birth-of-ukweli-coalition-media-hub-a-new-dawn-for-journalism-in-the-great-lakes-region\/"},"wordCount":909,"publisher":{"@id":"https:\/\/charmafrica.org\/#organization"},"image":{"@id":"https:\/\/charmafrica.org\/the-birth-of-ukweli-coalition-media-hub-a-new-dawn-for-journalism-in-the-great-lakes-region\/#primaryimage"},"thumbnailUrl":"http:\/\/charmafrica.org\/wp-content\/uploads\/2025\/01\/GhL9aZxW8AEY_v9-3-1024x682.jpg","articleSection":["http:\/\/charmafrica.org\/home\/voices-of-change\/"],"inLanguage":"fr-FR"},{"@type":"WebPage","@id":"https:\/\/charmafrica.org\/the-birth-of-ukweli-coalition-media-hub-a-new-dawn-for-journalism-in-the-great-lakes-region\/","url":"https:\/\/charmafrica.org\/the-birth-of-ukweli-coalition-media-hub-a-new-dawn-for-journalism-in-the-great-lakes-region\/","name":"The Birth of Ukweli Coalition Media Hub: A New Dawn for Journalism in the Great Lakes Region - CHARM","isPartOf":{"@id":"https:\/\/charmafrica.org\/#website"},"primaryImageOfPage":{"@id":"https:\/\/charmafrica.org\/the-birth-of-ukweli-coalition-media-hub-a-new-dawn-for-journalism-in-the-great-lakes-region\/#primaryimage"},"image":{"@id":"https:\/\/charmafrica.org\/the-birth-of-ukweli-coalition-media-hub-a-new-dawn-for-journalism-in-the-great-lakes-region\/#primaryimage"},"thumbnailUrl":"http:\/\/charmafrica.org\/wp-content\/uploads\/2025\/01\/GhL9aZxW8AEY_v9-3-1024x682.jpg","datePublished":"2025-01-30T09:55:34+00:00","dateModified":"2025-01-30T10:35:16+00:00","breadcrumb":{"@id":"https:\/\/charmafrica.org\/the-birth-of-ukweli-coalition-media-hub-a-new-dawn-for-journalism-in-the-great-lakes-region\/#breadcrumb"},"inLanguage":"fr-FR","potentialAction":[{"@type":"ReadAction","target":["https:\/\/charmafrica.org\/the-birth-of-ukweli-coalition-media-hub-a-new-dawn-for-journalism-in-the-great-lakes-region\/"]}]},{"@type":"ImageObject","inLanguage":"fr-FR","@id":"https:\/\/charmafrica.org\/the-birth-of-ukweli-coalition-media-hub-a-new-dawn-for-journalism-in-the-great-lakes-region\/#primaryimage","url":"http:\/\/charmafrica.org\/wp-content\/uploads\/2025\/01\/GhL9aZxW8AEY_v9-3-1024x682.jpg","contentUrl":"http:\/\/charmafrica.org\/wp-content\/uploads\/2025\/01\/GhL9aZxW8AEY_v9-3-1024x682.jpg"},{"@type":"BreadcrumbList","@id":"https:\/\/charmafrica.org\/the-birth-of-ukweli-coalition-media-hub-a-new-dawn-for-journalism-in-the-great-lakes-region\/#breadcrumb","itemListElement":[{"@type":"ListItem","position":1,"name":"Home","item":"https:\/\/charmafrica.org\/"},{"@type":"ListItem","position":2,"name":"The Birth of Ukweli Coalition Media Hub: A New Dawn for Journalism in the Great Lakes Region"}]},{"@type":"WebSite","@id":"https:\/\/charmafrica.org\/#website","url":"https:\/\/charmafrica.org\/","name":"CHARME","description":"Le Consortium pour les droits de l&#039;homme et les m\u00e9dias en Afrique subsaharienne","publisher":{"@id":"https:\/\/charmafrica.org\/#organization"},"potentialAction":[{"@type":"SearchAction","target":{"@type":"EntryPoint","urlTemplate":"https:\/\/charmafrica.org\/?s={search_term_string}"},"query-input":{"@type":"PropertyValueSpecification","valueRequired":true,"valueName":"search_term_string"}}],"inLanguage":"fr-FR"},{"@type":"Organization","@id":"https:\/\/charmafrica.org\/#organization","name":"CHARME","url":"https:\/\/charmafrica.org\/","logo":{"@type":"ImageObject","inLanguage":"fr-FR","@id":"https:\/\/charmafrica.org\/#\/schema\/logo\/image\/","url":"http:\/\/charmafrica.org\/wp-content\/uploads\/2024\/06\/WHITE-PNG-1-e1717590262194.png","contentUrl":"http:\/\/charmafrica.org\/wp-content\/uploads\/2024\/06\/WHITE-PNG-1-e1717590262194.png","width":962,"height":249,"caption":"CHARM"},"image":{"@id":"https:\/\/charmafrica.org\/#\/schema\/logo\/image\/"}},{"@type":"Person","@id":"https:\/\/charmafrica.org\/#\/schema\/person\/0b3b343b91a3e2a877b1d13218b05c01","name":"charme_admin1","image":{"@type":"ImageObject","inLanguage":"fr-FR","@id":"https:\/\/secure.gravatar.com\/avatar\/d959c434176dcd7f377e9672f6bb17efe366db3900724a39d8880363f147ece7?s=96&d=mm&r=g","url":"https:\/\/secure.gravatar.com\/avatar\/d959c434176dcd7f377e9672f6bb17efe366db3900724a39d8880363f147ece7?s=96&d=mm&r=g","contentUrl":"https:\/\/secure.gravatar.com\/avatar\/d959c434176dcd7f377e9672f6bb17efe366db3900724a39d8880363f147ece7?s=96&d=mm&r=g","caption":"charm_admin1"},"url":"https:\/\/charmafrica.org\/fr\/author\/charm_admin1\/"}]}},"_links":{"self":[{"href":"https:\/\/charmafrica.org\/fr\/wp-json\/wp\/v2\/posts\/1443","targetHints":{"allow":["GET"]}}],"collection":[{"href":"https:\/\/charmafrica.org\/fr\/wp-json\/wp\/v2\/posts"}],"about":[{"href":"https:\/\/charmafrica.org\/fr\/wp-json\/wp\/v2\/types\/post"}],"author":[{"embeddable":true,"href":"https:\/\/charmafrica.org\/fr\/wp-json\/wp\/v2\/users\/2"}],"replies":[{"embeddable":true,"href":"https:\/\/charmafrica.org\/fr\/wp-json\/wp\/v2\/comments?post=1443"}],"version-history":[{"count":4,"href":"https:\/\/charmafrica.org\/fr\/wp-json\/wp\/v2\/posts\/1443\/revisions"}],"predecessor-version":[{"id":1453,"href":"https:\/\/charmafrica.org\/fr\/wp-json\/wp\/v2\/posts\/1443\/revisions\/1453"}],"wp:attachment":[{"href":"https:\/\/charmafrica.org\/fr\/wp-json\/wp\/v2\/media?parent=1443"}],"wp:term":[{"taxonomy":"category","embeddable":true,"href":"https:\/\/charmafrica.org\/fr\/wp-json\/wp\/v2\/categories?post=1443"},{"taxonomy":"post_tag","embeddable":true,"href":"https:\/\/charmafrica.org\/fr\/wp-json\/wp\/v2\/tags?post=1443"}],"curies":[{"name":"wp","href":"https:\/\/api.w.org\/{rel}","templated":true}]}}